{"id":105408,"date":"2017-02-20T13:05:58","date_gmt":"2017-02-20T11:05:58","guid":{"rendered":"http:\/\/www.sana.sy\/tr\/?p=105408"},"modified":"2017-02-20T14:13:20","modified_gmt":"2017-02-20T12:13:20","slug":"genel-komutanlik-bugun-yayinladigi-ve-sananin-bir-nushasini-aldigi-bulteninde-halep-kirsalinin-dogusunda-bulunan-ordu-birliklerimizin-ilgili-resmi-ve-sivil-kurumlarla-isbirligi-icinde-terord","status":"publish","type":"post","link":"https:\/\/archive.sana.sy\/tr\/?p=105408","title":{"rendered":"Genel komutanl\u0131k bug\u00fcn yay\u0131nlad\u0131\u011f\u0131 ve SANA\u2019n\u0131n bir n\u00fcshas\u0131n\u0131 ald\u0131\u011f\u0131 b\u00fclteninde; Halep k\u0131rsal\u0131n\u0131n do\u011fusunda bulunan ordu birliklerimizin ilgili resmi ve sivil kurumlarla i\u015fbirli\u011fi i\u00e7inde ter\u00f6rden kurtar\u0131lan belde ve k\u00f6ylerin ahalilerine evlerine d\u00f6nmeleri i\u00e7in gereken t\u00fcm yard\u0131m ve deste\u011fi temin edece\u011fini belirtti"},"content":{"rendered":"<p>Genel komutanl\u0131k bug\u00fcn yay\u0131nlad\u0131\u011f\u0131 ve SANA\u2019n\u0131n bir n\u00fcshas\u0131n\u0131 ald\u0131\u011f\u0131 b\u00fclteninde; Halep k\u0131rsal\u0131n\u0131n do\u011fusunda bulunan ordu birliklerimizin ilgili resmi ve sivil kurumlarla i\u015fbirli\u011fi i\u00e7inde ter\u00f6rden kurtar\u0131lan belde ve k\u00f6ylerin ahalilerine evlerine d\u00f6nmeleri i\u00e7in gereken t\u00fcm yard\u0131m ve deste\u011fi temin edece\u011fini belirtti<\/p>\n","protected":false},"excerpt":{"rendered":"<p>Genel komutanl\u0131k bug\u00fcn yay\u0131nlad\u0131\u011f\u0131 ve SANA\u2019n\u0131n bir n\u00fcshas\u0131n\u0131 ald\u0131\u011f\u0131 b\u00fclteninde; Halep k\u0131rsal\u0131n\u0131n do\u011fusunda bulunan ordu birliklerimizin ilgili resmi ve sivil kurumlarla i\u015fbirli\u011fi i\u00e7inde ter\u00f6rden kurtar\u0131lan belde ve k\u00f6ylerin ahalilerine evlerine d\u00f6nmeleri i\u00e7in gereken t\u00fcm yard\u0131m ve deste\u011fi temin edece\u011fini belirtti<\/p>\n","protected":false},"author":1,"featured_media":0,"comment_status":"closed","ping_status":"closed","sticky":false,"template":"","format":"standard","meta":{"footnotes":""},"categories":[17991],"tags":[],"class_list":["post-105408","post","type-post","status-publish","format-standard","","category-son-dakika"],"_links":{"self":[{"href":"https:\/\/archive.sana.sy\/tr\/index.php?rest_route=\/wp\/v2\/posts\/105408","targetHints":{"allow":["GET"]}}],"collection":[{"href":"https:\/\/archive.sana.sy\/tr\/index.php?rest_route=\/wp\/v2\/posts"}],"about":[{"href":"https:\/\/archive.sana.sy\/tr\/index.php?rest_route=\/wp\/v2\/types\/post"}],"author":[{"embeddable":true,"href":"https:\/\/archive.sana.sy\/tr\/index.php?rest_route=\/wp\/v2\/users\/1"}],"replies":[{"embeddable":true,"href":"https:\/\/archive.sana.sy\/tr\/index.php?rest_route=%2Fwp%2Fv2%2Fcomments&post=105408"}],"version-history":[{"count":0,"href":"https:\/\/archive.sana.sy\/tr\/index.php?rest_route=\/wp\/v2\/posts\/105408\/revisions"}],"wp:attachment":[{"href":"https:\/\/archive.sana.sy\/tr\/index.php?rest_route=%2Fwp%2Fv2%2Fmedia&parent=105408"}],"wp:term":[{"taxonomy":"category","embeddable":true,"href":"https:\/\/archive.sana.sy\/tr\/index.php?rest_route=%2Fwp%2Fv2%2Fcategories&post=105408"},{"taxonomy":"post_tag","embeddable":true,"href":"https:\/\/archive.sana.sy\/tr\/index.php?rest_route=%2Fwp%2Fv2%2Ftags&post=105408"}],"curies":[{"name":"wp","href":"https:\/\/api.w.org\/{rel}","templated":true}]}}