{"id":105425,"date":"2017-02-20T09:45:00","date_gmt":"2017-02-20T07:45:00","guid":{"rendered":"http:\/\/www.sana.sy\/tr\/?p=105425"},"modified":"2017-02-20T15:01:30","modified_gmt":"2017-02-20T13:01:30","slug":"hama-kirsalinin-dogusu-kasatil-ukayrebbat-ekseninde-de-hava-guclerimizin-isidin-arac-konvoylarini-yogun-atese-tutuklarini-aktaran-muhabir-29-teroristi-oldurup-agir-makineli-silahla","status":"publish","type":"post","link":"https:\/\/archive.sana.sy\/tr\/?p=105425","title":{"rendered":"Hama k\u0131rsal\u0131n\u0131n do\u011fusu Kasatil \u2013 Ukayrebbat ekseninde de hava g\u00fc\u00e7lerimizin I\u015e\u0130D\u2019in ara\u00e7 konvoylar\u0131n\u0131 yo\u011fun ate\u015fe tutuklar\u0131n\u0131 aktaran muhabir; 29 ter\u00f6risti \u00f6ld\u00fcr\u00fcp a\u011f\u0131r makineli silahla donat\u0131lm\u0131\u015f 6 arac\u0131n\u0131 y\u00fckleriyle birlikte yok ettiklerini s\u00f6zlerine ekledi."},"content":{"rendered":"<p>Hama k\u0131rsal\u0131n\u0131n do\u011fusu Kasatil \u2013 Ukayrebbat ekseninde de hava g\u00fc\u00e7lerimizin I\u015e\u0130D\u2019in ara\u00e7 konvoylar\u0131n\u0131 yo\u011fun ate\u015fe tutuklar\u0131n\u0131 aktaran muhabir; 29 ter\u00f6risti \u00f6ld\u00fcr\u00fcp a\u011f\u0131r makineli silahla donat\u0131lm\u0131\u015f 6 arac\u0131n\u0131 y\u00fckleriyle birlikte yok ettiklerini s\u00f6zlerine ekledi.<\/p>\n","protected":false},"excerpt":{"rendered":"<p>Hama k\u0131rsal\u0131n\u0131n do\u011fusu Kasatil \u2013 Ukayrebbat ekseninde de hava g\u00fc\u00e7lerimizin I\u015e\u0130D\u2019in ara\u00e7 konvoylar\u0131n\u0131 yo\u011fun ate\u015fe tutuklar\u0131n\u0131 aktaran muhabir; 29 ter\u00f6risti \u00f6ld\u00fcr\u00fcp a\u011f\u0131r makineli silahla donat\u0131lm\u0131\u015f 6 arac\u0131n\u0131 y\u00fckleriyle birlikte yok ettiklerini s\u00f6zlerine ekledi.<\/p>\n","protected":false},"author":1,"featured_media":0,"comment_status":"closed","ping_status":"closed","sticky":false,"template":"","format":"standard","meta":{"footnotes":""},"categories":[17991],"tags":[],"class_list":["post-105425","post","type-post","status-publish","format-standard","","category-son-dakika"],"_links":{"self":[{"href":"https:\/\/archive.sana.sy\/tr\/index.php?rest_route=\/wp\/v2\/posts\/105425","targetHints":{"allow":["GET"]}}],"collection":[{"href":"https:\/\/archive.sana.sy\/tr\/index.php?rest_route=\/wp\/v2\/posts"}],"about":[{"href":"https:\/\/archive.sana.sy\/tr\/index.php?rest_route=\/wp\/v2\/types\/post"}],"author":[{"embeddable":true,"href":"https:\/\/archive.sana.sy\/tr\/index.php?rest_route=\/wp\/v2\/users\/1"}],"replies":[{"embeddable":true,"href":"https:\/\/archive.sana.sy\/tr\/index.php?rest_route=%2Fwp%2Fv2%2Fcomments&post=105425"}],"version-history":[{"count":0,"href":"https:\/\/archive.sana.sy\/tr\/index.php?rest_route=\/wp\/v2\/posts\/105425\/revisions"}],"wp:attachment":[{"href":"https:\/\/archive.sana.sy\/tr\/index.php?rest_route=%2Fwp%2Fv2%2Fmedia&parent=105425"}],"wp:term":[{"taxonomy":"category","embeddable":true,"href":"https:\/\/archive.sana.sy\/tr\/index.php?rest_route=%2Fwp%2Fv2%2Fcategories&post=105425"},{"taxonomy":"post_tag","embeddable":true,"href":"https:\/\/archive.sana.sy\/tr\/index.php?rest_route=%2Fwp%2Fv2%2Ftags&post=105425"}],"curies":[{"name":"wp","href":"https:\/\/api.w.org\/{rel}","templated":true}]}}