{"id":105439,"date":"2017-02-20T12:04:48","date_gmt":"2017-02-20T10:04:48","guid":{"rendered":"http:\/\/www.sana.sy\/tr\/?p=105439"},"modified":"2017-02-20T15:05:12","modified_gmt":"2017-02-20T13:05:12","slug":"dera-il-emniyet-mudurlugunde-bir-kaynak-sanaya-aciklamasinda-israilden-destek-ve-komuta-alan-radikal-teroristlerin-dera-devlet-hastanesini-bir-dizi-fuzeyle-hedef-aldiklarini-belirtt","status":"publish","type":"post","link":"https:\/\/archive.sana.sy\/tr\/?p=105439","title":{"rendered":"Dera \u0130l Emniyet M\u00fcd\u00fcrl\u00fc\u011f\u00fcnde bir kaynak SANA\u2019ya a\u00e7\u0131klamas\u0131nda; \u0130srail\u2019den destek ve komuta alan radikal ter\u00f6ristlerin Dera Devlet Hastanesini bir dizi f\u00fczeyle hedef ald\u0131klar\u0131n\u0131 belirtti."},"content":{"rendered":"<p>Dera \u0130l Emniyet M\u00fcd\u00fcrl\u00fc\u011f\u00fcnde bir kaynak SANA\u2019ya a\u00e7\u0131klamas\u0131nda; \u0130srail\u2019den destek ve komuta alan radikal ter\u00f6ristlerin Dera Devlet Hastanesini bir dizi f\u00fczeyle hedef ald\u0131klar\u0131n\u0131 belirtti.<\/p>\n","protected":false},"excerpt":{"rendered":"<p>Dera \u0130l Emniyet M\u00fcd\u00fcrl\u00fc\u011f\u00fcnde bir kaynak SANA\u2019ya a\u00e7\u0131klamas\u0131nda; \u0130srail\u2019den destek ve komuta alan radikal ter\u00f6ristlerin Dera Devlet Hastanesini bir dizi f\u00fczeyle hedef ald\u0131klar\u0131n\u0131 belirtti.<\/p>\n","protected":false},"author":1,"featured_media":0,"comment_status":"closed","ping_status":"closed","sticky":false,"template":"","format":"standard","meta":{"footnotes":""},"categories":[17991],"tags":[],"class_list":["post-105439","post","type-post","status-publish","format-standard","","category-son-dakika"],"_links":{"self":[{"href":"https:\/\/archive.sana.sy\/tr\/index.php?rest_route=\/wp\/v2\/posts\/105439","targetHints":{"allow":["GET"]}}],"collection":[{"href":"https:\/\/archive.sana.sy\/tr\/index.php?rest_route=\/wp\/v2\/posts"}],"about":[{"href":"https:\/\/archive.sana.sy\/tr\/index.php?rest_route=\/wp\/v2\/types\/post"}],"author":[{"embeddable":true,"href":"https:\/\/archive.sana.sy\/tr\/index.php?rest_route=\/wp\/v2\/users\/1"}],"replies":[{"embeddable":true,"href":"https:\/\/archive.sana.sy\/tr\/index.php?rest_route=%2Fwp%2Fv2%2Fcomments&post=105439"}],"version-history":[{"count":0,"href":"https:\/\/archive.sana.sy\/tr\/index.php?rest_route=\/wp\/v2\/posts\/105439\/revisions"}],"wp:attachment":[{"href":"https:\/\/archive.sana.sy\/tr\/index.php?rest_route=%2Fwp%2Fv2%2Fmedia&parent=105439"}],"wp:term":[{"taxonomy":"category","embeddable":true,"href":"https:\/\/archive.sana.sy\/tr\/index.php?rest_route=%2Fwp%2Fv2%2Fcategories&post=105439"},{"taxonomy":"post_tag","embeddable":true,"href":"https:\/\/archive.sana.sy\/tr\/index.php?rest_route=%2Fwp%2Fv2%2Ftags&post=105439"}],"curies":[{"name":"wp","href":"https:\/\/api.w.org\/{rel}","templated":true}]}}