{"id":105518,"date":"2017-02-21T08:51:02","date_gmt":"2017-02-21T06:51:02","guid":{"rendered":"http:\/\/www.sana.sy\/tr\/?p=105518"},"modified":"2017-02-21T15:05:10","modified_gmt":"2017-02-21T13:05:10","slug":"altinci-uluslararasi-filistin-intifadasina-destek-konferansi-bugun-halk-meclisi-baskani-hediye-abbasin-katilimiyla-iranin-baskenti-tahranda-calismalarina-basladi","status":"publish","type":"post","link":"https:\/\/archive.sana.sy\/tr\/?p=105518","title":{"rendered":"Alt\u0131nc\u0131 Uluslararas\u0131 Filistin \u0130ntifadas\u0131na Destek Konferans\u0131 bug\u00fcn Halk Meclisi Ba\u015fkan\u0131 Hediye Abbas\u2019\u0131n kat\u0131l\u0131m\u0131yla \u0130ran\u2019\u0131n ba\u015fkenti Tahran\u2019da \u00e7al\u0131\u015fmalar\u0131na ba\u015flad\u0131"},"content":{"rendered":"<p>Alt\u0131nc\u0131 Uluslararas\u0131 Filistin \u0130ntifadas\u0131na Destek Konferans\u0131 bug\u00fcn Halk Meclisi Ba\u015fkan\u0131 Hediye Abbas\u2019\u0131n kat\u0131l\u0131m\u0131yla \u0130ran\u2019\u0131n ba\u015fkenti Tahran\u2019da \u00e7al\u0131\u015fmalar\u0131na ba\u015flad\u0131<\/p>\n","protected":false},"excerpt":{"rendered":"<p>Alt\u0131nc\u0131 Uluslararas\u0131 Filistin \u0130ntifadas\u0131na Destek Konferans\u0131 bug\u00fcn Halk Meclisi Ba\u015fkan\u0131 Hediye Abbas\u2019\u0131n kat\u0131l\u0131m\u0131yla \u0130ran\u2019\u0131n ba\u015fkenti Tahran\u2019da \u00e7al\u0131\u015fmalar\u0131na ba\u015flad\u0131<\/p>\n","protected":false},"author":1,"featured_media":0,"comment_status":"closed","ping_status":"closed","sticky":false,"template":"","format":"standard","meta":{"footnotes":""},"categories":[17991],"tags":[],"class_list":["post-105518","post","type-post","status-publish","format-standard","","category-son-dakika"],"_links":{"self":[{"href":"https:\/\/archive.sana.sy\/tr\/index.php?rest_route=\/wp\/v2\/posts\/105518","targetHints":{"allow":["GET"]}}],"collection":[{"href":"https:\/\/archive.sana.sy\/tr\/index.php?rest_route=\/wp\/v2\/posts"}],"about":[{"href":"https:\/\/archive.sana.sy\/tr\/index.php?rest_route=\/wp\/v2\/types\/post"}],"author":[{"embeddable":true,"href":"https:\/\/archive.sana.sy\/tr\/index.php?rest_route=\/wp\/v2\/users\/1"}],"replies":[{"embeddable":true,"href":"https:\/\/archive.sana.sy\/tr\/index.php?rest_route=%2Fwp%2Fv2%2Fcomments&post=105518"}],"version-history":[{"count":0,"href":"https:\/\/archive.sana.sy\/tr\/index.php?rest_route=\/wp\/v2\/posts\/105518\/revisions"}],"wp:attachment":[{"href":"https:\/\/archive.sana.sy\/tr\/index.php?rest_route=%2Fwp%2Fv2%2Fmedia&parent=105518"}],"wp:term":[{"taxonomy":"category","embeddable":true,"href":"https:\/\/archive.sana.sy\/tr\/index.php?rest_route=%2Fwp%2Fv2%2Fcategories&post=105518"},{"taxonomy":"post_tag","embeddable":true,"href":"https:\/\/archive.sana.sy\/tr\/index.php?rest_route=%2Fwp%2Fv2%2Ftags&post=105518"}],"curies":[{"name":"wp","href":"https:\/\/api.w.org\/{rel}","templated":true}]}}