{"id":105543,"date":"2017-02-21T09:04:44","date_gmt":"2017-02-21T07:04:44","guid":{"rendered":"http:\/\/www.sana.sy\/tr\/?p=105543"},"modified":"2017-02-21T15:05:39","modified_gmt":"2017-02-21T13:05:39","slug":"konferansin-acilis-oturumunda-suriye-adina-konusan-meclis-baskani-abbas-suriye-ve-halkina-yonelik-terorun-edat-olarak-kullanildigi-savasin-temel-sebeplerinden-birinin-suriyenin-filistin-hal","status":"publish","type":"post","link":"https:\/\/archive.sana.sy\/tr\/?p=105543","title":{"rendered":"Konferans\u0131n a\u00e7\u0131l\u0131\u015f oturumunda Suriye ad\u0131na konu\u015fan Meclis Ba\u015fkan\u0131 Abbas; Suriye ve halk\u0131na y\u00f6nelik ter\u00f6r\u00fcn edat olarak kullan\u0131ld\u0131\u011f\u0131 sava\u015f\u0131n temel sebeplerinden birinin, Suriye\u2019nin Filistin halk\u0131 ve hakl\u0131 davas\u0131n\u0131 destekleyen ilkeli tutumlar\u0131 oldu\u011funu vurgulad\u0131"},"content":{"rendered":"<p>Konferans\u0131n a\u00e7\u0131l\u0131\u015f oturumunda Suriye ad\u0131na konu\u015fan Meclis Ba\u015fkan\u0131 Abbas; Suriye ve halk\u0131na y\u00f6nelik ter\u00f6r\u00fcn edat olarak kullan\u0131ld\u0131\u011f\u0131 sava\u015f\u0131n temel sebeplerinden birinin, Suriye\u2019nin Filistin halk\u0131 ve hakl\u0131 davas\u0131n\u0131 destekleyen ilkeli tutumlar\u0131 oldu\u011funu vurgulad\u0131<\/p>\n","protected":false},"excerpt":{"rendered":"<p>Konferans\u0131n a\u00e7\u0131l\u0131\u015f oturumunda Suriye ad\u0131na konu\u015fan Meclis Ba\u015fkan\u0131 Abbas; Suriye ve halk\u0131na y\u00f6nelik ter\u00f6r\u00fcn edat olarak kullan\u0131ld\u0131\u011f\u0131 sava\u015f\u0131n temel sebeplerinden birinin, Suriye\u2019nin Filistin halk\u0131 ve hakl\u0131 davas\u0131n\u0131 destekleyen ilkeli tutumlar\u0131 oldu\u011funu vurgulad\u0131<\/p>\n","protected":false},"author":1,"featured_media":0,"comment_status":"closed","ping_status":"closed","sticky":false,"template":"","format":"standard","meta":{"footnotes":""},"categories":[17991],"tags":[],"class_list":["post-105543","post","type-post","status-publish","format-standard","","category-son-dakika"],"_links":{"self":[{"href":"https:\/\/archive.sana.sy\/tr\/index.php?rest_route=\/wp\/v2\/posts\/105543","targetHints":{"allow":["GET"]}}],"collection":[{"href":"https:\/\/archive.sana.sy\/tr\/index.php?rest_route=\/wp\/v2\/posts"}],"about":[{"href":"https:\/\/archive.sana.sy\/tr\/index.php?rest_route=\/wp\/v2\/types\/post"}],"author":[{"embeddable":true,"href":"https:\/\/archive.sana.sy\/tr\/index.php?rest_route=\/wp\/v2\/users\/1"}],"replies":[{"embeddable":true,"href":"https:\/\/archive.sana.sy\/tr\/index.php?rest_route=%2Fwp%2Fv2%2Fcomments&post=105543"}],"version-history":[{"count":0,"href":"https:\/\/archive.sana.sy\/tr\/index.php?rest_route=\/wp\/v2\/posts\/105543\/revisions"}],"wp:attachment":[{"href":"https:\/\/archive.sana.sy\/tr\/index.php?rest_route=%2Fwp%2Fv2%2Fmedia&parent=105543"}],"wp:term":[{"taxonomy":"category","embeddable":true,"href":"https:\/\/archive.sana.sy\/tr\/index.php?rest_route=%2Fwp%2Fv2%2Fcategories&post=105543"},{"taxonomy":"post_tag","embeddable":true,"href":"https:\/\/archive.sana.sy\/tr\/index.php?rest_route=%2Fwp%2Fv2%2Ftags&post=105543"}],"curies":[{"name":"wp","href":"https:\/\/api.w.org\/{rel}","templated":true}]}}