{"id":105547,"date":"2017-02-21T09:14:56","date_gmt":"2017-02-21T07:14:56","guid":{"rendered":"http:\/\/www.sana.sy\/tr\/?p=105547"},"modified":"2017-02-21T15:06:39","modified_gmt":"2017-02-21T13:06:39","slug":"israilin-suriyenin-her-acidan-zayiflamasinda-temel-bir-cikari-olduguna-isaret-eden-abbas-fislitin-davasini-tasfiye-etme-ve-genisleme-planlarini-hayata-gecirmede-suriye-ve-tum-direni","status":"publish","type":"post","link":"https:\/\/archive.sana.sy\/tr\/?p=105547","title":{"rendered":"\u0130srail\u2019in Suriye\u2019nin her a\u00e7\u0131dan zay\u0131flamas\u0131nda temel bir \u00e7\u0131kar\u0131 oldu\u011funa i\u015faret eden Abbas; Fislitin davas\u0131n\u0131 tasfiye etme ve geni\u015fleme planlar\u0131n\u0131 hayata ge\u00e7irmede Suriye ve t\u00fcm direni\u015f eksenini par\u00e7alay\u0131p yok etmeye \u00e7al\u0131\u015ft\u0131\u011f\u0131n\u0131 kaydetti"},"content":{"rendered":"<p>\u0130srail\u2019in Suriye\u2019nin her a\u00e7\u0131dan zay\u0131flamas\u0131nda temel bir \u00e7\u0131kar\u0131 oldu\u011funa i\u015faret eden Abbas; Fislitin davas\u0131n\u0131 tasfiye etme ve geni\u015fleme planlar\u0131n\u0131 hayata ge\u00e7irmede Suriye ve t\u00fcm direni\u015f eksenini par\u00e7alay\u0131p yok etmeye \u00e7al\u0131\u015ft\u0131\u011f\u0131n\u0131 kaydetti<\/p>\n","protected":false},"excerpt":{"rendered":"<p>\u0130srail\u2019in Suriye\u2019nin her a\u00e7\u0131dan zay\u0131flamas\u0131nda temel bir \u00e7\u0131kar\u0131 oldu\u011funa i\u015faret eden Abbas; Fislitin davas\u0131n\u0131 tasfiye etme ve geni\u015fleme planlar\u0131n\u0131 hayata ge\u00e7irmede Suriye ve t\u00fcm direni\u015f eksenini par\u00e7alay\u0131p yok etmeye \u00e7al\u0131\u015ft\u0131\u011f\u0131n\u0131 kaydetti<\/p>\n","protected":false},"author":1,"featured_media":0,"comment_status":"closed","ping_status":"closed","sticky":false,"template":"","format":"standard","meta":{"footnotes":""},"categories":[17991],"tags":[],"class_list":["post-105547","post","type-post","status-publish","format-standard","","category-son-dakika"],"_links":{"self":[{"href":"https:\/\/archive.sana.sy\/tr\/index.php?rest_route=\/wp\/v2\/posts\/105547","targetHints":{"allow":["GET"]}}],"collection":[{"href":"https:\/\/archive.sana.sy\/tr\/index.php?rest_route=\/wp\/v2\/posts"}],"about":[{"href":"https:\/\/archive.sana.sy\/tr\/index.php?rest_route=\/wp\/v2\/types\/post"}],"author":[{"embeddable":true,"href":"https:\/\/archive.sana.sy\/tr\/index.php?rest_route=\/wp\/v2\/users\/1"}],"replies":[{"embeddable":true,"href":"https:\/\/archive.sana.sy\/tr\/index.php?rest_route=%2Fwp%2Fv2%2Fcomments&post=105547"}],"version-history":[{"count":0,"href":"https:\/\/archive.sana.sy\/tr\/index.php?rest_route=\/wp\/v2\/posts\/105547\/revisions"}],"wp:attachment":[{"href":"https:\/\/archive.sana.sy\/tr\/index.php?rest_route=%2Fwp%2Fv2%2Fmedia&parent=105547"}],"wp:term":[{"taxonomy":"category","embeddable":true,"href":"https:\/\/archive.sana.sy\/tr\/index.php?rest_route=%2Fwp%2Fv2%2Fcategories&post=105547"},{"taxonomy":"post_tag","embeddable":true,"href":"https:\/\/archive.sana.sy\/tr\/index.php?rest_route=%2Fwp%2Fv2%2Ftags&post=105547"}],"curies":[{"name":"wp","href":"https:\/\/api.w.org\/{rel}","templated":true}]}}