{"id":10556,"date":"2014-09-20T12:00:37","date_gmt":"2014-09-20T09:00:37","guid":{"rendered":"http:\/\/www.sana.sy\/tr\/?p=10556"},"modified":"2014-09-20T15:37:26","modified_gmt":"2014-09-20T12:37:26","slug":"bmden-suriyeli-golandaki-undof-guclerine-sartsiz-destek-geldi","status":"publish","type":"post","link":"https:\/\/archive.sana.sy\/tr\/?p=10556","title":{"rendered":"BM\u2019den Suriyeli Golan\u2019daki UNDOF G\u00fc\u00e7lerine \u015earts\u0131z Destek Geldi"},"content":{"rendered":"<p>NEW YORK \u2013 Uluslararas\u0131 G\u00fcvenlik Konseyi, Suriyeli Golan topraklar\u0131nda ate\u015fkesi koruma g\u00fc\u00e7leri UNDOF\u2019un g\u00f6revine \u015farts\u0131z deste\u011fini dile getirdi.<br \/>\nAssociated Press, g\u00fcvenlik konseyinin d\u00fcn ba\u015fkanl\u0131k beyan\u0131 \u00fcstlendi\u011fini, UNDOF g\u00fcc\u00fcn\u00fcn \u00e7ekilmeyece\u011fini ve \u00e7\u00f6z\u00fclmeyece\u011fini a\u00e7\u0131klad\u0131\u011f\u0131n\u0131 belirtti.<\/p>\n<p>Beyan, g\u00fcc\u00fcn g\u00f6revinin orta do\u011fu b\u00f6lgesindeki bar\u0131\u015f ve g\u00fcvenlik i\u00e7in aktif ve canl\u0131 bir fakt\u00f6r olu\u015fturdu\u011funa i\u015faret etti.<\/p>\n<p>Beyan, UNDOF g\u00fc\u00e7lerine y\u00f6nelik son sald\u0131r\u0131lar\u0131 k\u0131nayarak silahl\u0131 ter\u00f6r \u00f6rg\u00fctlerinin girdikleri mevkilerden geri \u00e7ekilmeleriyle ge\u00e7en ay ka\u00e7\u0131rd\u0131klar\u0131 Fiji\u2019li askerlerden ele ge\u00e7irdikleri ara\u00e7, gere\u00e7, silah ve di\u011fer malzemeleri derhal teslim etme talebinde bulundu.<\/p>\n<p>Beyan, BM nihai hedefinin UNDOF g\u00fcc\u00fc i\u00e7in belirlenen operasyon b\u00f6lgesindeki temel mevkilere askerlerin geri d\u00f6nmesi oldu\u011funu belirtti.<\/p>\n<p>Konsey beyan\u0131nda, b\u00fct\u00fcn taraflar\u0131 uluslararas\u0131 g\u00fcc\u00fcn \u00f6zg\u00fcr bir \u015fekilde g\u00f6rev yapmas\u0131na izin vermesine \u00e7a\u011f\u0131rd\u0131.<\/p>\n","protected":false},"excerpt":{"rendered":"<p>NEW YORK \u2013 Uluslararas\u0131 G\u00fcvenlik Konseyi, Suriyeli Golan topraklar\u0131nda ate\u015fkesi koruma g\u00fc\u00e7leri UNDOF\u2019un g\u00f6revine \u015farts\u0131z deste\u011fini dile getirdi. Associated Press, g\u00fcvenlik konseyinin d\u00fcn ba\u015fkanl\u0131k beyan\u0131 \u00fcstlendi\u011fini, UNDOF g\u00fcc\u00fcn\u00fcn \u00e7ekilmeyece\u011fini ve \u00e7\u00f6z\u00fclmeyece\u011fini a\u00e7\u0131klad\u0131\u011f\u0131n\u0131 belirtti. Beyan, g\u00fcc\u00fcn g\u00f6revinin orta do\u011fu b\u00f6lgesindeki bar\u0131\u015f ve g\u00fcvenlik i\u00e7in aktif ve canl\u0131 bir fakt\u00f6r olu\u015fturdu\u011funa i\u015faret etti. Beyan, UNDOF g\u00fc\u00e7lerine y\u00f6nelik &hellip;<\/p>\n","protected":false},"author":1,"featured_media":10558,"comment_status":"closed","ping_status":"closed","sticky":false,"template":"","format":"standard","meta":{"footnotes":""},"categories":[458,459,447],"tags":[2452,2454,2453],"class_list":["post-10556","post","type-post","status-publish","format-standard","has-post-thumbnail","","category-dunya1","category-haberler-arap-uluslararasi-politika","category-politika","tag-bmden","tag-sartsiz-destek-geldi","tag-suriyeli-golandaki-undof-guclerine"],"_links":{"self":[{"href":"https:\/\/archive.sana.sy\/tr\/index.php?rest_route=\/wp\/v2\/posts\/10556","targetHints":{"allow":["GET"]}}],"collection":[{"href":"https:\/\/archive.sana.sy\/tr\/index.php?rest_route=\/wp\/v2\/posts"}],"about":[{"href":"https:\/\/archive.sana.sy\/tr\/index.php?rest_route=\/wp\/v2\/types\/post"}],"author":[{"embeddable":true,"href":"https:\/\/archive.sana.sy\/tr\/index.php?rest_route=\/wp\/v2\/users\/1"}],"replies":[{"embeddable":true,"href":"https:\/\/archive.sana.sy\/tr\/index.php?rest_route=%2Fwp%2Fv2%2Fcomments&post=10556"}],"version-history":[{"count":0,"href":"https:\/\/archive.sana.sy\/tr\/index.php?rest_route=\/wp\/v2\/posts\/10556\/revisions"}],"wp:featuredmedia":[{"embeddable":true,"href":"https:\/\/archive.sana.sy\/tr\/index.php?rest_route=\/wp\/v2\/media\/10558"}],"wp:attachment":[{"href":"https:\/\/archive.sana.sy\/tr\/index.php?rest_route=%2Fwp%2Fv2%2Fmedia&parent=10556"}],"wp:term":[{"taxonomy":"category","embeddable":true,"href":"https:\/\/archive.sana.sy\/tr\/index.php?rest_route=%2Fwp%2Fv2%2Fcategories&post=10556"},{"taxonomy":"post_tag","embeddable":true,"href":"https:\/\/archive.sana.sy\/tr\/index.php?rest_route=%2Fwp%2Fv2%2Ftags&post=10556"}],"curies":[{"name":"wp","href":"https:\/\/api.w.org\/{rel}","templated":true}]}}