{"id":105784,"date":"2017-02-23T13:03:13","date_gmt":"2017-02-23T11:03:13","guid":{"rendered":"http:\/\/www.sana.sy\/tr\/?p=105784"},"modified":"2017-02-23T13:30:32","modified_gmt":"2017-02-23T11:30:32","slug":"askeri-kaynak-hava-guclerimizin-homs-kirsalinin-kuzeyinde-nusra-cephesi-ve-catisi-altindaki-diger-teror-orgutlere-karsi-operasyonlari-kapsaminda-teyr-male-bolgesinde-nusra-cephesine-ait-2-komuta-karar","status":"publish","type":"post","link":"https:\/\/archive.sana.sy\/tr\/?p=105784","title":{"rendered":"Askeri kaynak hava g\u00fc\u00e7lerimizin Homs k\u0131rsal\u0131n\u0131n kuzeyinde Nusra Cephesi ve \u00e7at\u0131s\u0131 alt\u0131ndaki di\u011fer ter\u00f6r \u00f6rg\u00fctlere kar\u015f\u0131 operasyonlar\u0131 kapsam\u0131nda Teyr Male B\u00f6lgesinde Nusra Cephesine ait 2 komuta karargah\u0131 ve bir cephane deposunu muhtevalar\u0131yla imha ettiklerini belirtti"},"content":{"rendered":"<p>Askeri kaynak hava g\u00fc\u00e7lerimizin Homs k\u0131rsal\u0131n\u0131n kuzeyinde Nusra Cephesi ve \u00e7at\u0131s\u0131 alt\u0131ndaki di\u011fer ter\u00f6r \u00f6rg\u00fctlere kar\u015f\u0131 operasyonlar\u0131 kapsam\u0131nda Teyr Male B\u00f6lgesinde Nusra Cephesine ait 2 komuta karargah\u0131 ve bir cephane deposunu muhtevalar\u0131yla imha ettiklerini belirtti<\/p>\n","protected":false},"excerpt":{"rendered":"<p>Askeri kaynak hava g\u00fc\u00e7lerimizin Homs k\u0131rsal\u0131n\u0131n kuzeyinde Nusra Cephesi ve \u00e7at\u0131s\u0131 alt\u0131ndaki di\u011fer ter\u00f6r \u00f6rg\u00fctlere kar\u015f\u0131 operasyonlar\u0131 kapsam\u0131nda Teyr Male B\u00f6lgesinde Nusra Cephesine ait 2 komuta karargah\u0131 ve bir cephane deposunu muhtevalar\u0131yla imha ettiklerini belirtti<\/p>\n","protected":false},"author":1,"featured_media":0,"comment_status":"closed","ping_status":"closed","sticky":false,"template":"","format":"standard","meta":{"footnotes":""},"categories":[17991],"tags":[],"class_list":["post-105784","post","type-post","status-publish","format-standard","","category-son-dakika"],"_links":{"self":[{"href":"https:\/\/archive.sana.sy\/tr\/index.php?rest_route=\/wp\/v2\/posts\/105784","targetHints":{"allow":["GET"]}}],"collection":[{"href":"https:\/\/archive.sana.sy\/tr\/index.php?rest_route=\/wp\/v2\/posts"}],"about":[{"href":"https:\/\/archive.sana.sy\/tr\/index.php?rest_route=\/wp\/v2\/types\/post"}],"author":[{"embeddable":true,"href":"https:\/\/archive.sana.sy\/tr\/index.php?rest_route=\/wp\/v2\/users\/1"}],"replies":[{"embeddable":true,"href":"https:\/\/archive.sana.sy\/tr\/index.php?rest_route=%2Fwp%2Fv2%2Fcomments&post=105784"}],"version-history":[{"count":0,"href":"https:\/\/archive.sana.sy\/tr\/index.php?rest_route=\/wp\/v2\/posts\/105784\/revisions"}],"wp:attachment":[{"href":"https:\/\/archive.sana.sy\/tr\/index.php?rest_route=%2Fwp%2Fv2%2Fmedia&parent=105784"}],"wp:term":[{"taxonomy":"category","embeddable":true,"href":"https:\/\/archive.sana.sy\/tr\/index.php?rest_route=%2Fwp%2Fv2%2Fcategories&post=105784"},{"taxonomy":"post_tag","embeddable":true,"href":"https:\/\/archive.sana.sy\/tr\/index.php?rest_route=%2Fwp%2Fv2%2Ftags&post=105784"}],"curies":[{"name":"wp","href":"https:\/\/api.w.org\/{rel}","templated":true}]}}