{"id":105805,"date":"2017-02-23T13:48:28","date_gmt":"2017-02-23T11:48:28","guid":{"rendered":"http:\/\/www.sana.sy\/tr\/?p=105805"},"modified":"2017-02-23T15:10:03","modified_gmt":"2017-02-23T13:10:03","slug":"astanada-suriyeliler-arasinda-yapilan-gorusmelerde-saglanan-olumlu-sonuclarin-cenevre-gorusmelerine-olumlu-yansiyacagini-ifade-eden-borodavkin-astana-gorusmeleri-sonucunda-suriyeliler-arasin","status":"publish","type":"post","link":"https:\/\/archive.sana.sy\/tr\/?p=105805","title":{"rendered":"Astana\u2019da Suriyeliler aras\u0131nda yap\u0131lan g\u00f6r\u00fc\u015fmelerde sa\u011flanan olumlu sonu\u00e7lar\u0131n Cenevre g\u00f6r\u00fc\u015fmelerine olumlu yans\u0131yaca\u011f\u0131n\u0131 ifade eden Borodavkin; Astana g\u00f6r\u00fc\u015fmeleri sonucunda Suriyeliler aras\u0131nda g\u00f6r\u00fc\u015fme s\u00fcrecinin h\u0131zland\u0131r\u0131ld\u0131\u011f\u0131 ve yo\u011funla\u015ft\u0131r\u0131ld\u0131\u011f\u0131n\u0131n herkes taraf\u0131ndan kabul edildi\u011fini s\u00f6yledi"},"content":{"rendered":"<p>Astana\u2019da Suriyeliler aras\u0131nda yap\u0131lan g\u00f6r\u00fc\u015fmelerde sa\u011flanan olumlu sonu\u00e7lar\u0131n Cenevre g\u00f6r\u00fc\u015fmelerine olumlu yans\u0131yaca\u011f\u0131n\u0131 ifade eden Borodavkin; Astana g\u00f6r\u00fc\u015fmeleri sonucunda Suriyeliler aras\u0131nda g\u00f6r\u00fc\u015fme s\u00fcrecinin h\u0131zland\u0131r\u0131ld\u0131\u011f\u0131 ve yo\u011funla\u015ft\u0131r\u0131ld\u0131\u011f\u0131n\u0131n herkes taraf\u0131ndan kabul edildi\u011fini s\u00f6yledi<\/p>\n","protected":false},"excerpt":{"rendered":"<p>Astana\u2019da Suriyeliler aras\u0131nda yap\u0131lan g\u00f6r\u00fc\u015fmelerde sa\u011flanan olumlu sonu\u00e7lar\u0131n Cenevre g\u00f6r\u00fc\u015fmelerine olumlu yans\u0131yaca\u011f\u0131n\u0131 ifade eden Borodavkin; Astana g\u00f6r\u00fc\u015fmeleri sonucunda Suriyeliler aras\u0131nda g\u00f6r\u00fc\u015fme s\u00fcrecinin h\u0131zland\u0131r\u0131ld\u0131\u011f\u0131 ve yo\u011funla\u015ft\u0131r\u0131ld\u0131\u011f\u0131n\u0131n herkes taraf\u0131ndan kabul edildi\u011fini s\u00f6yledi<\/p>\n","protected":false},"author":1,"featured_media":0,"comment_status":"closed","ping_status":"closed","sticky":false,"template":"","format":"standard","meta":{"footnotes":""},"categories":[17991],"tags":[],"class_list":["post-105805","post","type-post","status-publish","format-standard","","category-son-dakika"],"_links":{"self":[{"href":"https:\/\/archive.sana.sy\/tr\/index.php?rest_route=\/wp\/v2\/posts\/105805","targetHints":{"allow":["GET"]}}],"collection":[{"href":"https:\/\/archive.sana.sy\/tr\/index.php?rest_route=\/wp\/v2\/posts"}],"about":[{"href":"https:\/\/archive.sana.sy\/tr\/index.php?rest_route=\/wp\/v2\/types\/post"}],"author":[{"embeddable":true,"href":"https:\/\/archive.sana.sy\/tr\/index.php?rest_route=\/wp\/v2\/users\/1"}],"replies":[{"embeddable":true,"href":"https:\/\/archive.sana.sy\/tr\/index.php?rest_route=%2Fwp%2Fv2%2Fcomments&post=105805"}],"version-history":[{"count":0,"href":"https:\/\/archive.sana.sy\/tr\/index.php?rest_route=\/wp\/v2\/posts\/105805\/revisions"}],"wp:attachment":[{"href":"https:\/\/archive.sana.sy\/tr\/index.php?rest_route=%2Fwp%2Fv2%2Fmedia&parent=105805"}],"wp:term":[{"taxonomy":"category","embeddable":true,"href":"https:\/\/archive.sana.sy\/tr\/index.php?rest_route=%2Fwp%2Fv2%2Fcategories&post=105805"},{"taxonomy":"post_tag","embeddable":true,"href":"https:\/\/archive.sana.sy\/tr\/index.php?rest_route=%2Fwp%2Fv2%2Ftags&post=105805"}],"curies":[{"name":"wp","href":"https:\/\/api.w.org\/{rel}","templated":true}]}}