{"id":105810,"date":"2017-02-23T14:50:28","date_gmt":"2017-02-23T12:50:28","guid":{"rendered":"http:\/\/www.sana.sy\/tr\/?p=105810"},"modified":"2017-02-23T15:16:06","modified_gmt":"2017-02-23T13:16:06","slug":"suveyda-kirsalinin-kuzeydogusunda-iside-karsi-operasyonlarda-askeri-kaynak-ordu-birliklerimizin-tel-eshib-bolgesinde-teroristlerin-bir-karargahi-ve-bir-aracini-muhtevalariyla-imha-ettiklerin","status":"publish","type":"post","link":"https:\/\/archive.sana.sy\/tr\/?p=105810","title":{"rendered":"S\u00fcveyda k\u0131rsal\u0131n\u0131n kuzeydo\u011fusunda I\u015e\u0130D\u2019e kar\u015f\u0131 operasyonlarda askeri kaynak; ordu birliklerimizin Tel E\u015fhib B\u00f6lgesinde ter\u00f6ristlerin bir karargah\u0131 ve bir arac\u0131n\u0131 muhtevalar\u0131yla imha ettiklerini belirtti"},"content":{"rendered":"<p>S\u00fcveyda k\u0131rsal\u0131n\u0131n kuzeydo\u011fusunda I\u015e\u0130D\u2019e kar\u015f\u0131 operasyonlarda askeri kaynak; ordu birliklerimizin Tel E\u015fhib B\u00f6lgesinde ter\u00f6ristlerin bir karargah\u0131 ve bir arac\u0131n\u0131 muhtevalar\u0131yla imha ettiklerini belirtti<\/p>\n","protected":false},"excerpt":{"rendered":"<p>S\u00fcveyda k\u0131rsal\u0131n\u0131n kuzeydo\u011fusunda I\u015e\u0130D\u2019e kar\u015f\u0131 operasyonlarda askeri kaynak; ordu birliklerimizin Tel E\u015fhib B\u00f6lgesinde ter\u00f6ristlerin bir karargah\u0131 ve bir arac\u0131n\u0131 muhtevalar\u0131yla imha ettiklerini belirtti<\/p>\n","protected":false},"author":1,"featured_media":0,"comment_status":"closed","ping_status":"closed","sticky":false,"template":"","format":"standard","meta":{"footnotes":""},"categories":[17991],"tags":[],"class_list":["post-105810","post","type-post","status-publish","format-standard","","category-son-dakika"],"_links":{"self":[{"href":"https:\/\/archive.sana.sy\/tr\/index.php?rest_route=\/wp\/v2\/posts\/105810","targetHints":{"allow":["GET"]}}],"collection":[{"href":"https:\/\/archive.sana.sy\/tr\/index.php?rest_route=\/wp\/v2\/posts"}],"about":[{"href":"https:\/\/archive.sana.sy\/tr\/index.php?rest_route=\/wp\/v2\/types\/post"}],"author":[{"embeddable":true,"href":"https:\/\/archive.sana.sy\/tr\/index.php?rest_route=\/wp\/v2\/users\/1"}],"replies":[{"embeddable":true,"href":"https:\/\/archive.sana.sy\/tr\/index.php?rest_route=%2Fwp%2Fv2%2Fcomments&post=105810"}],"version-history":[{"count":0,"href":"https:\/\/archive.sana.sy\/tr\/index.php?rest_route=\/wp\/v2\/posts\/105810\/revisions"}],"wp:attachment":[{"href":"https:\/\/archive.sana.sy\/tr\/index.php?rest_route=%2Fwp%2Fv2%2Fmedia&parent=105810"}],"wp:term":[{"taxonomy":"category","embeddable":true,"href":"https:\/\/archive.sana.sy\/tr\/index.php?rest_route=%2Fwp%2Fv2%2Fcategories&post=105810"},{"taxonomy":"post_tag","embeddable":true,"href":"https:\/\/archive.sana.sy\/tr\/index.php?rest_route=%2Fwp%2Fv2%2Ftags&post=105810"}],"curies":[{"name":"wp","href":"https:\/\/api.w.org\/{rel}","templated":true}]}}