{"id":105816,"date":"2017-02-23T15:28:20","date_gmt":"2017-02-23T13:28:20","guid":{"rendered":"http:\/\/www.sana.sy\/tr\/?p=105816"},"modified":"2017-02-23T15:28:20","modified_gmt":"2017-02-23T13:28:20","slug":"sam-cevre-kent-emniyet-mudurlugunde-bir-kaynak-sanaya-aciklamasinda-al-suud-rejiminin-dogu-sutada-destekledigi-radikal-teroristlerin-sam-kirsalinin-haresta-banliyosunu-fuzelerle-hed","status":"publish","type":"post","link":"https:\/\/archive.sana.sy\/tr\/?p=105816","title":{"rendered":"\u015eam \u00c7evre Kent Emniyet m\u00fcd\u00fcrl\u00fc\u011f\u00fcnde bir kaynak SANA\u2019ya a\u00e7\u0131klamas\u0131nda; Al Suud rejiminin Do\u011fu \u015euta\u2019da destekledi\u011fi radikal ter\u00f6ristlerin \u015eam k\u0131rsal\u0131n\u0131n Haresta Banliy\u00f6s\u00fcn\u00fc f\u00fczelerle hedef almalar\u0131 sonucunda 2 vatanda\u015f\u0131n \u015fehit, 10 vatanda\u015f\u0131n yaral\u0131 d\u00fc\u015ft\u00fcklerini belirtti"},"content":{"rendered":"<p>\u015eam \u00c7evre Kent Emniyet m\u00fcd\u00fcrl\u00fc\u011f\u00fcnde bir kaynak SANA\u2019ya a\u00e7\u0131klamas\u0131nda; Al Suud rejiminin Do\u011fu \u015euta\u2019da destekledi\u011fi radikal ter\u00f6ristlerin \u015eam k\u0131rsal\u0131n\u0131n Haresta Banliy\u00f6s\u00fcn\u00fc f\u00fczelerle hedef almalar\u0131 sonucunda 2 vatanda\u015f\u0131n \u015fehit, 10 vatanda\u015f\u0131n yaral\u0131 d\u00fc\u015ft\u00fcklerini belirtti<\/p>\n","protected":false},"excerpt":{"rendered":"<p>\u015eam \u00c7evre Kent Emniyet m\u00fcd\u00fcrl\u00fc\u011f\u00fcnde bir kaynak SANA\u2019ya a\u00e7\u0131klamas\u0131nda; Al Suud rejiminin Do\u011fu \u015euta\u2019da destekledi\u011fi radikal ter\u00f6ristlerin \u015eam k\u0131rsal\u0131n\u0131n Haresta Banliy\u00f6s\u00fcn\u00fc f\u00fczelerle hedef almalar\u0131 sonucunda 2 vatanda\u015f\u0131n \u015fehit, 10 vatanda\u015f\u0131n yaral\u0131 d\u00fc\u015ft\u00fcklerini belirtti<\/p>\n","protected":false},"author":1,"featured_media":0,"comment_status":"closed","ping_status":"closed","sticky":false,"template":"","format":"standard","meta":{"footnotes":""},"categories":[17991],"tags":[],"class_list":["post-105816","post","type-post","status-publish","format-standard","","category-son-dakika"],"_links":{"self":[{"href":"https:\/\/archive.sana.sy\/tr\/index.php?rest_route=\/wp\/v2\/posts\/105816","targetHints":{"allow":["GET"]}}],"collection":[{"href":"https:\/\/archive.sana.sy\/tr\/index.php?rest_route=\/wp\/v2\/posts"}],"about":[{"href":"https:\/\/archive.sana.sy\/tr\/index.php?rest_route=\/wp\/v2\/types\/post"}],"author":[{"embeddable":true,"href":"https:\/\/archive.sana.sy\/tr\/index.php?rest_route=\/wp\/v2\/users\/1"}],"replies":[{"embeddable":true,"href":"https:\/\/archive.sana.sy\/tr\/index.php?rest_route=%2Fwp%2Fv2%2Fcomments&post=105816"}],"version-history":[{"count":0,"href":"https:\/\/archive.sana.sy\/tr\/index.php?rest_route=\/wp\/v2\/posts\/105816\/revisions"}],"wp:attachment":[{"href":"https:\/\/archive.sana.sy\/tr\/index.php?rest_route=%2Fwp%2Fv2%2Fmedia&parent=105816"}],"wp:term":[{"taxonomy":"category","embeddable":true,"href":"https:\/\/archive.sana.sy\/tr\/index.php?rest_route=%2Fwp%2Fv2%2Fcategories&post=105816"},{"taxonomy":"post_tag","embeddable":true,"href":"https:\/\/archive.sana.sy\/tr\/index.php?rest_route=%2Fwp%2Fv2%2Ftags&post=105816"}],"curies":[{"name":"wp","href":"https:\/\/api.w.org\/{rel}","templated":true}]}}