{"id":105840,"date":"2017-02-23T19:59:14","date_gmt":"2017-02-23T17:59:14","guid":{"rendered":"http:\/\/www.sana.sy\/tr\/?p=105840"},"modified":"2017-02-23T19:59:14","modified_gmt":"2017-02-23T17:59:14","slug":"bessar-el-caferi-baskanligindaki-suriye-arap-cumhuriyeti-heyeti-cenevrede-suriyeliler-arasinda-baslayacak-diyalog-gorusmelerinin-dorduncu-turunun-acilis-toplantisina-katilmak-uzere-bm-binasina-ulas","status":"publish","type":"post","link":"https:\/\/archive.sana.sy\/tr\/?p=105840","title":{"rendered":"Be\u015f\u015far el Caferi ba\u015fkanl\u0131\u011f\u0131ndaki Suriye Arap Cumhuriyeti heyeti, Cenevre&#8217;de Suriyeliler aras\u0131nda ba\u015flayacak diyalog g\u00f6r\u00fc\u015fmelerinin d\u00f6rd\u00fcnc\u00fc turunun a\u00e7\u0131l\u0131\u015f toplant\u0131s\u0131na kat\u0131lmak \u00fczere BM binas\u0131na ula\u015ft\u0131"},"content":{"rendered":"<p>Be\u015f\u015far el Caferi ba\u015fkanl\u0131\u011f\u0131ndaki Suriye Arap Cumhuriyeti heyeti, Cenevre&#8217;de Suriyeliler aras\u0131nda ba\u015flayacak diyalog g\u00f6r\u00fc\u015fmelerinin d\u00f6rd\u00fcnc\u00fc turunun a\u00e7\u0131l\u0131\u015f toplant\u0131s\u0131na kat\u0131lmak \u00fczere BM binas\u0131na ula\u015ft\u0131<\/p>\n","protected":false},"excerpt":{"rendered":"<p>Be\u015f\u015far el Caferi ba\u015fkanl\u0131\u011f\u0131ndaki Suriye Arap Cumhuriyeti heyeti, Cenevre&#8217;de Suriyeliler aras\u0131nda ba\u015flayacak diyalog g\u00f6r\u00fc\u015fmelerinin d\u00f6rd\u00fcnc\u00fc turunun a\u00e7\u0131l\u0131\u015f toplant\u0131s\u0131na kat\u0131lmak \u00fczere BM binas\u0131na ula\u015ft\u0131<\/p>\n","protected":false},"author":1,"featured_media":0,"comment_status":"closed","ping_status":"closed","sticky":false,"template":"","format":"standard","meta":{"footnotes":""},"categories":[17991],"tags":[],"class_list":["post-105840","post","type-post","status-publish","format-standard","","category-son-dakika"],"_links":{"self":[{"href":"https:\/\/archive.sana.sy\/tr\/index.php?rest_route=\/wp\/v2\/posts\/105840","targetHints":{"allow":["GET"]}}],"collection":[{"href":"https:\/\/archive.sana.sy\/tr\/index.php?rest_route=\/wp\/v2\/posts"}],"about":[{"href":"https:\/\/archive.sana.sy\/tr\/index.php?rest_route=\/wp\/v2\/types\/post"}],"author":[{"embeddable":true,"href":"https:\/\/archive.sana.sy\/tr\/index.php?rest_route=\/wp\/v2\/users\/1"}],"replies":[{"embeddable":true,"href":"https:\/\/archive.sana.sy\/tr\/index.php?rest_route=%2Fwp%2Fv2%2Fcomments&post=105840"}],"version-history":[{"count":0,"href":"https:\/\/archive.sana.sy\/tr\/index.php?rest_route=\/wp\/v2\/posts\/105840\/revisions"}],"wp:attachment":[{"href":"https:\/\/archive.sana.sy\/tr\/index.php?rest_route=%2Fwp%2Fv2%2Fmedia&parent=105840"}],"wp:term":[{"taxonomy":"category","embeddable":true,"href":"https:\/\/archive.sana.sy\/tr\/index.php?rest_route=%2Fwp%2Fv2%2Fcategories&post=105840"},{"taxonomy":"post_tag","embeddable":true,"href":"https:\/\/archive.sana.sy\/tr\/index.php?rest_route=%2Fwp%2Fv2%2Ftags&post=105840"}],"curies":[{"name":"wp","href":"https:\/\/api.w.org\/{rel}","templated":true}]}}