{"id":105842,"date":"2017-02-23T20:05:23","date_gmt":"2017-02-23T18:05:23","guid":{"rendered":"http:\/\/www.sana.sy\/tr\/?p=105842"},"modified":"2017-02-23T20:05:23","modified_gmt":"2017-02-23T18:05:23","slug":"bessar-el-caferi-baskanligindaki-suriye-arap-cumhuriyeti-heyetinin-katilimiyla-cenevrede-yapilan-suriyeliler-arasi-diyalog-gorusmelerinin-dorduncu-turu-basladi","status":"publish","type":"post","link":"https:\/\/archive.sana.sy\/tr\/?p=105842","title":{"rendered":"Be\u015f\u015far el Caferi ba\u015fkanl\u0131\u011f\u0131ndaki Suriye Arap Cumhuriyeti heyetinin kat\u0131l\u0131m\u0131yla Cenevre&#8217;de yap\u0131lan Suriyeliler aras\u0131 diyalog g\u00f6r\u00fc\u015fmelerinin d\u00f6rd\u00fcnc\u00fc turu ba\u015flad\u0131"},"content":{"rendered":"<p>Be\u015f\u015far el Caferi ba\u015fkanl\u0131\u011f\u0131ndaki Suriye Arap Cumhuriyeti heyetinin kat\u0131l\u0131m\u0131yla Cenevre&#8217;de yap\u0131lan Suriyeliler aras\u0131 diyalog g\u00f6r\u00fc\u015fmelerinin d\u00f6rd\u00fcnc\u00fc turu ba\u015flad\u0131<\/p>\n","protected":false},"excerpt":{"rendered":"<p>Be\u015f\u015far el Caferi ba\u015fkanl\u0131\u011f\u0131ndaki Suriye Arap Cumhuriyeti heyetinin kat\u0131l\u0131m\u0131yla Cenevre&#8217;de yap\u0131lan Suriyeliler aras\u0131 diyalog g\u00f6r\u00fc\u015fmelerinin d\u00f6rd\u00fcnc\u00fc turu ba\u015flad\u0131<\/p>\n","protected":false},"author":1,"featured_media":0,"comment_status":"closed","ping_status":"closed","sticky":false,"template":"","format":"standard","meta":{"footnotes":""},"categories":[17991],"tags":[],"class_list":["post-105842","post","type-post","status-publish","format-standard","","category-son-dakika"],"_links":{"self":[{"href":"https:\/\/archive.sana.sy\/tr\/index.php?rest_route=\/wp\/v2\/posts\/105842","targetHints":{"allow":["GET"]}}],"collection":[{"href":"https:\/\/archive.sana.sy\/tr\/index.php?rest_route=\/wp\/v2\/posts"}],"about":[{"href":"https:\/\/archive.sana.sy\/tr\/index.php?rest_route=\/wp\/v2\/types\/post"}],"author":[{"embeddable":true,"href":"https:\/\/archive.sana.sy\/tr\/index.php?rest_route=\/wp\/v2\/users\/1"}],"replies":[{"embeddable":true,"href":"https:\/\/archive.sana.sy\/tr\/index.php?rest_route=%2Fwp%2Fv2%2Fcomments&post=105842"}],"version-history":[{"count":0,"href":"https:\/\/archive.sana.sy\/tr\/index.php?rest_route=\/wp\/v2\/posts\/105842\/revisions"}],"wp:attachment":[{"href":"https:\/\/archive.sana.sy\/tr\/index.php?rest_route=%2Fwp%2Fv2%2Fmedia&parent=105842"}],"wp:term":[{"taxonomy":"category","embeddable":true,"href":"https:\/\/archive.sana.sy\/tr\/index.php?rest_route=%2Fwp%2Fv2%2Fcategories&post=105842"},{"taxonomy":"post_tag","embeddable":true,"href":"https:\/\/archive.sana.sy\/tr\/index.php?rest_route=%2Fwp%2Fv2%2Ftags&post=105842"}],"curies":[{"name":"wp","href":"https:\/\/api.w.org\/{rel}","templated":true}]}}