{"id":105861,"date":"2017-02-24T12:14:08","date_gmt":"2017-02-24T10:14:08","guid":{"rendered":"http:\/\/www.sana.sy\/tr\/?p=105861"},"modified":"2017-02-24T12:14:08","modified_gmt":"2017-02-24T10:14:08","slug":"suriye-arap-cumhuriyeti-heyeti-bm-suriye-ozel-temsilcisi-staffan-de-mistura-ile-suriyeliler-arasinda-cenevrede-duzenlenen-gorusmeler-kapsaminda-bir-toplanti-duzenlemek-uzere-bmnin-c","status":"publish","type":"post","link":"https:\/\/archive.sana.sy\/tr\/?p=105861","title":{"rendered":"Suriye Arap Cumhuriyeti Heyeti, BM Suriye \u00d6zel Temsilcisi Staffan De Mistura ile Suriyeliler aras\u0131nda Cenevre\u2019de d\u00fczenlenen g\u00f6r\u00fc\u015fmeler kapsam\u0131nda bir toplant\u0131 d\u00fczenlemek \u00fczere BM\u2019nin Cenevre\u2019deki merkezine ula\u015ft\u0131"},"content":{"rendered":"<p>Suriye Arap Cumhuriyeti Heyeti, BM Suriye \u00d6zel Temsilcisi Staffan De Mistura ile Suriyeliler aras\u0131nda Cenevre\u2019de d\u00fczenlenen g\u00f6r\u00fc\u015fmeler kapsam\u0131nda bir toplant\u0131 d\u00fczenlemek \u00fczere BM\u2019nin Cenevre\u2019deki merkezine ula\u015ft\u0131<\/p>\n","protected":false},"excerpt":{"rendered":"<p>Suriye Arap Cumhuriyeti Heyeti, BM Suriye \u00d6zel Temsilcisi Staffan De Mistura ile Suriyeliler aras\u0131nda Cenevre\u2019de d\u00fczenlenen g\u00f6r\u00fc\u015fmeler kapsam\u0131nda bir toplant\u0131 d\u00fczenlemek \u00fczere BM\u2019nin Cenevre\u2019deki merkezine ula\u015ft\u0131<\/p>\n","protected":false},"author":1,"featured_media":0,"comment_status":"closed","ping_status":"closed","sticky":false,"template":"","format":"standard","meta":{"footnotes":""},"categories":[17991],"tags":[],"class_list":["post-105861","post","type-post","status-publish","format-standard","","category-son-dakika"],"_links":{"self":[{"href":"https:\/\/archive.sana.sy\/tr\/index.php?rest_route=\/wp\/v2\/posts\/105861","targetHints":{"allow":["GET"]}}],"collection":[{"href":"https:\/\/archive.sana.sy\/tr\/index.php?rest_route=\/wp\/v2\/posts"}],"about":[{"href":"https:\/\/archive.sana.sy\/tr\/index.php?rest_route=\/wp\/v2\/types\/post"}],"author":[{"embeddable":true,"href":"https:\/\/archive.sana.sy\/tr\/index.php?rest_route=\/wp\/v2\/users\/1"}],"replies":[{"embeddable":true,"href":"https:\/\/archive.sana.sy\/tr\/index.php?rest_route=%2Fwp%2Fv2%2Fcomments&post=105861"}],"version-history":[{"count":0,"href":"https:\/\/archive.sana.sy\/tr\/index.php?rest_route=\/wp\/v2\/posts\/105861\/revisions"}],"wp:attachment":[{"href":"https:\/\/archive.sana.sy\/tr\/index.php?rest_route=%2Fwp%2Fv2%2Fmedia&parent=105861"}],"wp:term":[{"taxonomy":"category","embeddable":true,"href":"https:\/\/archive.sana.sy\/tr\/index.php?rest_route=%2Fwp%2Fv2%2Fcategories&post=105861"},{"taxonomy":"post_tag","embeddable":true,"href":"https:\/\/archive.sana.sy\/tr\/index.php?rest_route=%2Fwp%2Fv2%2Ftags&post=105861"}],"curies":[{"name":"wp","href":"https:\/\/api.w.org\/{rel}","templated":true}]}}