{"id":10587,"date":"2014-09-20T14:34:26","date_gmt":"2014-09-20T11:34:26","guid":{"rendered":"http:\/\/www.sana.sy\/tr\/?p=10587"},"modified":"2014-09-20T14:34:26","modified_gmt":"2014-09-20T11:34:26","slug":"biriyle-savasip-digerlerini-desteklemekle-mucadele-olamaz","status":"publish","type":"post","link":"https:\/\/archive.sana.sy\/tr\/?p=10587","title":{"rendered":"Biriyle Sava\u015f\u0131p Di\u011ferlerini Desteklemekle M\u00fccadele Olamaz"},"content":{"rendered":"<p>NEW YORK \u2013 \u0130ran D\u0131\u015fi\u015fleri Bakan\u0131 Muhammed Cevat Zarif silahl\u0131 ter\u00f6r \u00f6rg\u00fctleri tehlikesinin t\u00fcm d\u00fcnyaya ciddi bir tehdit te\u015fkil etti\u011fini belirterek, \u015fu ter\u00f6r \u00f6rg\u00fct\u00fcyle sava\u015f\u0131p ba\u015fkas\u0131n\u0131 desteklemekle bu tehlikenin \u00f6n\u00fcne ge\u00e7ilebilece\u011fini d\u00fc\u015f\u00fcnmenin yanl\u0131\u015f oldu\u011funu vurgulad\u0131.<\/p>\n<p>New York\u2019ta d\u00fczenlenen Birle\u015fmi\u015f Miletler genel kurulu y\u0131ll\u0131k oturumlar\u0131 \u00e7er\u00e7evesinde Norve\u00e7 D\u0131\u015fi\u015fleri Bakan\u0131 Borge Brende ile bulundu\u011fu ve \u0130ranl\u0131 IRNA Ajans\u0131n\u0131n aktard\u0131\u011f\u0131 a\u00e7\u0131klamalar\u0131nda Zarif; ter\u00f6ristlerin Irak\u2019\u0131n kuzey ve orta b\u00f6lgelerini tehdit ettiklerinde \u0130ran\u2019\u0131n derhal Irak h\u00fck\u00fcmetine gerekli deste\u011fi takdim etti\u011fini s\u00f6yledi.<\/p>\n","protected":false},"excerpt":{"rendered":"<p>NEW YORK \u2013 \u0130ran D\u0131\u015fi\u015fleri Bakan\u0131 Muhammed Cevat Zarif silahl\u0131 ter\u00f6r \u00f6rg\u00fctleri tehlikesinin t\u00fcm d\u00fcnyaya ciddi bir tehdit te\u015fkil etti\u011fini belirterek, \u015fu ter\u00f6r \u00f6rg\u00fct\u00fcyle sava\u015f\u0131p ba\u015fkas\u0131n\u0131 desteklemekle bu tehlikenin \u00f6n\u00fcne ge\u00e7ilebilece\u011fini d\u00fc\u015f\u00fcnmenin yanl\u0131\u015f oldu\u011funu vurgulad\u0131. New York\u2019ta d\u00fczenlenen Birle\u015fmi\u015f Miletler genel kurulu y\u0131ll\u0131k oturumlar\u0131 \u00e7er\u00e7evesinde Norve\u00e7 D\u0131\u015fi\u015fleri Bakan\u0131 Borge Brende ile bulundu\u011fu ve \u0130ranl\u0131 IRNA &hellip;<\/p>\n","protected":false},"author":1,"featured_media":10588,"comment_status":"closed","ping_status":"closed","sticky":false,"template":"","format":"standard","meta":{"footnotes":""},"categories":[458,459,447],"tags":[2464],"class_list":["post-10587","post","type-post","status-publish","format-standard","has-post-thumbnail","","category-dunya1","category-haberler-arap-uluslararasi-politika","category-politika","tag-biriyle-savasip-digerlerini-desteklemekle-mucadele-olamaz"],"_links":{"self":[{"href":"https:\/\/archive.sana.sy\/tr\/index.php?rest_route=\/wp\/v2\/posts\/10587","targetHints":{"allow":["GET"]}}],"collection":[{"href":"https:\/\/archive.sana.sy\/tr\/index.php?rest_route=\/wp\/v2\/posts"}],"about":[{"href":"https:\/\/archive.sana.sy\/tr\/index.php?rest_route=\/wp\/v2\/types\/post"}],"author":[{"embeddable":true,"href":"https:\/\/archive.sana.sy\/tr\/index.php?rest_route=\/wp\/v2\/users\/1"}],"replies":[{"embeddable":true,"href":"https:\/\/archive.sana.sy\/tr\/index.php?rest_route=%2Fwp%2Fv2%2Fcomments&post=10587"}],"version-history":[{"count":0,"href":"https:\/\/archive.sana.sy\/tr\/index.php?rest_route=\/wp\/v2\/posts\/10587\/revisions"}],"wp:featuredmedia":[{"embeddable":true,"href":"https:\/\/archive.sana.sy\/tr\/index.php?rest_route=\/wp\/v2\/media\/10588"}],"wp:attachment":[{"href":"https:\/\/archive.sana.sy\/tr\/index.php?rest_route=%2Fwp%2Fv2%2Fmedia&parent=10587"}],"wp:term":[{"taxonomy":"category","embeddable":true,"href":"https:\/\/archive.sana.sy\/tr\/index.php?rest_route=%2Fwp%2Fv2%2Fcategories&post=10587"},{"taxonomy":"post_tag","embeddable":true,"href":"https:\/\/archive.sana.sy\/tr\/index.php?rest_route=%2Fwp%2Fv2%2Ftags&post=10587"}],"curies":[{"name":"wp","href":"https:\/\/api.w.org\/{rel}","templated":true}]}}