{"id":105881,"date":"2017-02-24T14:00:28","date_gmt":"2017-02-24T12:00:28","guid":{"rendered":"http:\/\/www.sana.sy\/tr\/?p=105881"},"modified":"2017-02-25T16:16:45","modified_gmt":"2017-02-25T14:16:45","slug":"saldiri-kurbanlari-arasinda-yine-cocuk-var","status":"publish","type":"post","link":"https:\/\/archive.sana.sy\/tr\/?p=105881","title":{"rendered":"Sald\u0131r\u0131 Kurbanlar\u0131 Aras\u0131nda Yine \u00c7ocuk Var"},"content":{"rendered":"<p>HALEP \u2013 Suriye ve halk\u0131na d\u00fc\u015fman belli ba\u015fl\u0131 rejimlerin destekledikleri ter\u00f6ristler bug\u00fcn de sivil yerle\u015fim alanlar\u0131na k\u00f6r ve gaddar sald\u0131r\u0131larda bulunarak masum insanlar\u0131n canlar\u0131n\u0131 ve mallar\u0131n\u0131 hedef ald\u0131lar.<\/p>\n<p>Halep Emniyet M\u00fcd\u00fcrl\u00fc\u011f\u00fcnde bir kaynak SANA\u2019ya a\u00e7\u0131klamas\u0131nda; Halep k\u0131rsal\u0131n\u0131n g\u00fcneyinde katil Erdo\u011fan rejimine tabi ter\u00f6ristlerin bug\u00fcn \u00f6\u011fleden sonra Had\u0131r Beldesini 6 f\u00fczeyle hedef ald\u0131klar\u0131n\u0131 aktard\u0131. Kaynak k\u00f6r ve gaddar sald\u0131r\u0131larda biri \u00e7ocuk olmak \u00fczere 2 vatanda\u015f\u0131n yaraland\u0131\u011f\u0131n\u0131, vatanda\u015flar\u0131n evlerinde maddi hasarlar\u0131n meydana geldi\u011fini s\u00f6yledi.<\/p>\n","protected":false},"excerpt":{"rendered":"<p>HALEP \u2013 Suriye ve halk\u0131na d\u00fc\u015fman belli ba\u015fl\u0131 rejimlerin destekledikleri ter\u00f6ristler bug\u00fcn de sivil yerle\u015fim alanlar\u0131na k\u00f6r ve gaddar sald\u0131r\u0131larda bulunarak masum insanlar\u0131n canlar\u0131n\u0131 ve mallar\u0131n\u0131 hedef ald\u0131lar. Halep Emniyet M\u00fcd\u00fcrl\u00fc\u011f\u00fcnde bir kaynak SANA\u2019ya a\u00e7\u0131klamas\u0131nda; Halep k\u0131rsal\u0131n\u0131n g\u00fcneyinde katil Erdo\u011fan rejimine tabi ter\u00f6ristlerin bug\u00fcn \u00f6\u011fleden sonra Had\u0131r Beldesini 6 f\u00fczeyle hedef ald\u0131klar\u0131n\u0131 aktard\u0131. Kaynak k\u00f6r &hellip;<\/p>\n","protected":false},"author":1,"featured_media":105882,"comment_status":"closed","ping_status":"closed","sticky":false,"template":"","format":"standard","meta":{"footnotes":""},"categories":[479,575,17988,478],"tags":[27939],"class_list":["post-105881","post","type-post","status-publish","format-standard","has-post-thumbnail","","category-haberler-yerel","category-olaylar-ve-gercekler","category-son-haberler","category-yerel","tag-saldiri-kurbanlari-arasinda-yine-cocuk-var"],"_links":{"self":[{"href":"https:\/\/archive.sana.sy\/tr\/index.php?rest_route=\/wp\/v2\/posts\/105881","targetHints":{"allow":["GET"]}}],"collection":[{"href":"https:\/\/archive.sana.sy\/tr\/index.php?rest_route=\/wp\/v2\/posts"}],"about":[{"href":"https:\/\/archive.sana.sy\/tr\/index.php?rest_route=\/wp\/v2\/types\/post"}],"author":[{"embeddable":true,"href":"https:\/\/archive.sana.sy\/tr\/index.php?rest_route=\/wp\/v2\/users\/1"}],"replies":[{"embeddable":true,"href":"https:\/\/archive.sana.sy\/tr\/index.php?rest_route=%2Fwp%2Fv2%2Fcomments&post=105881"}],"version-history":[{"count":0,"href":"https:\/\/archive.sana.sy\/tr\/index.php?rest_route=\/wp\/v2\/posts\/105881\/revisions"}],"wp:featuredmedia":[{"embeddable":true,"href":"https:\/\/archive.sana.sy\/tr\/index.php?rest_route=\/wp\/v2\/media\/105882"}],"wp:attachment":[{"href":"https:\/\/archive.sana.sy\/tr\/index.php?rest_route=%2Fwp%2Fv2%2Fmedia&parent=105881"}],"wp:term":[{"taxonomy":"category","embeddable":true,"href":"https:\/\/archive.sana.sy\/tr\/index.php?rest_route=%2Fwp%2Fv2%2Fcategories&post=105881"},{"taxonomy":"post_tag","embeddable":true,"href":"https:\/\/archive.sana.sy\/tr\/index.php?rest_route=%2Fwp%2Fv2%2Ftags&post=105881"}],"curies":[{"name":"wp","href":"https:\/\/api.w.org\/{rel}","templated":true}]}}