{"id":105893,"date":"2017-02-24T15:00:44","date_gmt":"2017-02-24T13:00:44","guid":{"rendered":"http:\/\/www.sana.sy\/tr\/?p=105893"},"modified":"2017-02-25T16:18:23","modified_gmt":"2017-02-25T14:18:23","slug":"iki-tarafli-yogun-ilgi-gordu","status":"publish","type":"post","link":"https:\/\/archive.sana.sy\/tr\/?p=105893","title":{"rendered":"\u0130ki Tarafl\u0131 Yo\u011fun \u0130lgi G\u00f6rd\u00fc"},"content":{"rendered":"<p>\u015eAM \u2013 \u015eam ve \u00c7evre Kent Sanayi Odas\u0131n\u0131n; \u00fcreticiden t\u00fcketiciye uygun fiyatlarla direk sat\u0131\u015f amac\u0131yla \u2018Suriye&#8217;de \u00dcretilmi\u015ftir\u2019 slogan\u0131 alt\u0131nda d\u00fczenledi\u011fi ayl\u0131k al\u0131\u015fveri\u015f fuar\u0131 faaliyetlerini yo\u011fun bir ilgiyle s\u00fcrd\u00fcr\u00fcyor.<\/p>\n<p><a href=\"http:\/\/www.sana.sy\/tr\/wp-content\/uploads\/2017\/02\/ekonomi-1.jpg\"><img loading=\"lazy\" decoding=\"async\" class=\"alignright wp-image-105895 size-medium\" src=\"http:\/\/www.sana.sy\/tr\/wp-content\/uploads\/2017\/02\/ekonomi-1-300x150.jpg\" width=\"300\" height=\"150\" srcset=\"https:\/\/archive.sana.sy\/tr\/wp-content\/uploads\/2017\/02\/ekonomi-1-300x150.jpg 300w, https:\/\/archive.sana.sy\/tr\/wp-content\/uploads\/2017\/02\/ekonomi-1-150x75.jpg 150w, https:\/\/archive.sana.sy\/tr\/wp-content\/uploads\/2017\/02\/ekonomi-1.jpg 660w\" sizes=\"auto, (max-width: 300px) 100vw, 300px\" \/><\/a>\u00dc\u00e7 y\u0131la yak\u0131n s\u00fcredir \u015eam ve daha ba\u015fka illerde periyodik olarak d\u00fczenlenen al\u0131\u015fveri\u015f fuar\u0131, t\u00fcketiciyle direk ba\u011flant\u0131da olmakla arzu ve taleplerini yak\u0131ndan g\u00f6rme a\u00e7\u0131s\u0131ndan \u00fcreticilere \u00f6nemli bir f\u0131rsat temin ederken, ayn\u0131 zamanda sat\u0131\u015f\u0131n uygun fiyatla olmas\u0131 nedeniyle sat\u0131\u015f oran\u0131n\u0131n daha y\u00fcksek olmas\u0131n\u0131 sa\u011fl\u0131yor.<\/p>\n<p>Uygun kaliteyi uygun fiyatlarla temin etme f\u0131rsat\u0131n\u0131 vatanda\u015flara sa\u011flamas\u0131 nedeniyle de fuar hem t\u00fcketici hem de \u00fcreticilerin yo\u011fun ilgisini g\u00f6rd\u00fc.<\/p>\n","protected":false},"excerpt":{"rendered":"<p>\u015eAM \u2013 \u015eam ve \u00c7evre Kent Sanayi Odas\u0131n\u0131n; \u00fcreticiden t\u00fcketiciye uygun fiyatlarla direk sat\u0131\u015f amac\u0131yla \u2018Suriye&#8217;de \u00dcretilmi\u015ftir\u2019 slogan\u0131 alt\u0131nda d\u00fczenledi\u011fi ayl\u0131k al\u0131\u015fveri\u015f fuar\u0131 faaliyetlerini yo\u011fun bir ilgiyle s\u00fcrd\u00fcr\u00fcyor. \u00dc\u00e7 y\u0131la yak\u0131n s\u00fcredir \u015eam ve daha ba\u015fka illerde periyodik olarak d\u00fczenlenen al\u0131\u015fveri\u015f fuar\u0131, t\u00fcketiciyle direk ba\u011flant\u0131da olmakla arzu ve taleplerini yak\u0131ndan g\u00f6rme a\u00e7\u0131s\u0131ndan \u00fcreticilere \u00f6nemli bir &hellip;<\/p>\n","protected":false},"author":1,"featured_media":105894,"comment_status":"closed","ping_status":"closed","sticky":false,"template":"","format":"standard","meta":{"footnotes":""},"categories":[485,486,479,17988,478],"tags":[27944],"class_list":["post-105893","post","type-post","status-publish","format-standard","has-post-thumbnail","","category-is-ve-sermaye","category-haberler-is-ve-sermaye","category-haberler-yerel","category-son-haberler","category-yerel","tag-iki-tarafli-yogun-ilgi-gordu"],"_links":{"self":[{"href":"https:\/\/archive.sana.sy\/tr\/index.php?rest_route=\/wp\/v2\/posts\/105893","targetHints":{"allow":["GET"]}}],"collection":[{"href":"https:\/\/archive.sana.sy\/tr\/index.php?rest_route=\/wp\/v2\/posts"}],"about":[{"href":"https:\/\/archive.sana.sy\/tr\/index.php?rest_route=\/wp\/v2\/types\/post"}],"author":[{"embeddable":true,"href":"https:\/\/archive.sana.sy\/tr\/index.php?rest_route=\/wp\/v2\/users\/1"}],"replies":[{"embeddable":true,"href":"https:\/\/archive.sana.sy\/tr\/index.php?rest_route=%2Fwp%2Fv2%2Fcomments&post=105893"}],"version-history":[{"count":0,"href":"https:\/\/archive.sana.sy\/tr\/index.php?rest_route=\/wp\/v2\/posts\/105893\/revisions"}],"wp:featuredmedia":[{"embeddable":true,"href":"https:\/\/archive.sana.sy\/tr\/index.php?rest_route=\/wp\/v2\/media\/105894"}],"wp:attachment":[{"href":"https:\/\/archive.sana.sy\/tr\/index.php?rest_route=%2Fwp%2Fv2%2Fmedia&parent=105893"}],"wp:term":[{"taxonomy":"category","embeddable":true,"href":"https:\/\/archive.sana.sy\/tr\/index.php?rest_route=%2Fwp%2Fv2%2Fcategories&post=105893"},{"taxonomy":"post_tag","embeddable":true,"href":"https:\/\/archive.sana.sy\/tr\/index.php?rest_route=%2Fwp%2Fv2%2Ftags&post=105893"}],"curies":[{"name":"wp","href":"https:\/\/api.w.org\/{rel}","templated":true}]}}