{"id":106038,"date":"2017-02-25T20:17:42","date_gmt":"2017-02-25T18:17:42","guid":{"rendered":"http:\/\/www.sana.sy\/tr\/?p=106038"},"modified":"2017-02-25T20:17:42","modified_gmt":"2017-02-25T18:17:42","slug":"cenevrede-suriyeliler-arasinda-yapilan-diyalog-gorusmelerinde-suriye-heyeti-baskani-bessar-el-caferi-heyetin-bm-suriye-ozel-temsilcisi-staffan-de-mistura-ile-gorusmesi-ardindan-biraz-sonra-basin-to","status":"publish","type":"post","link":"https:\/\/archive.sana.sy\/tr\/?p=106038","title":{"rendered":"Cenevre&#8217;de Suriyeliler Aras\u0131nda yap\u0131lan diyalog g\u00f6r\u00fc\u015fmelerinde Suriye heyeti ba\u015fkan\u0131 Be\u015f\u015far el Caferi, heyetin BM Suriye \u00f6zel temsilcisi Staffan de Mistura ile g\u00f6r\u00fc\u015fmesi ard\u0131ndan biraz sonra bas\u0131n toplant\u0131s\u0131 d\u00fczenleyecek"},"content":{"rendered":"<div class=\"PD IF\">\n<div id=\":53.co\" class=\"JL\">\n<div id=\":58.ma\" class=\"Mu SP\" title=\"25 \u015eubat 2017 20:17:17 UTC+2\"><span id=\":58.co\" class=\"tL8wMe EMoHub\" dir=\"ltr\">Cenevre&#8217;de Suriyeliler Aras\u0131nda yap\u0131lan diyalog g\u00f6r\u00fc\u015fmelerinde Suriye heyeti ba\u015fkan\u0131 Be\u015f\u015far el Caferi, heyetin BM Suriye \u00f6zel temsilcisi Staffan de Mistura ile g\u00f6r\u00fc\u015fmesi ard\u0131ndan biraz sonra bas\u0131n toplant\u0131s\u0131 d\u00fczenleyecek<\/span><\/div>\n<\/div>\n<\/div>\n<div class=\"ci\"><\/div>\n","protected":false},"excerpt":{"rendered":"<p>Cenevre&#8217;de Suriyeliler Aras\u0131nda yap\u0131lan diyalog g\u00f6r\u00fc\u015fmelerinde Suriye heyeti ba\u015fkan\u0131 Be\u015f\u015far el Caferi, heyetin BM Suriye \u00f6zel temsilcisi Staffan de Mistura ile g\u00f6r\u00fc\u015fmesi ard\u0131ndan biraz sonra bas\u0131n toplant\u0131s\u0131 d\u00fczenleyecek<\/p>\n","protected":false},"author":1,"featured_media":0,"comment_status":"closed","ping_status":"closed","sticky":false,"template":"","format":"standard","meta":{"footnotes":""},"categories":[17991],"tags":[],"class_list":["post-106038","post","type-post","status-publish","format-standard","","category-son-dakika"],"_links":{"self":[{"href":"https:\/\/archive.sana.sy\/tr\/index.php?rest_route=\/wp\/v2\/posts\/106038","targetHints":{"allow":["GET"]}}],"collection":[{"href":"https:\/\/archive.sana.sy\/tr\/index.php?rest_route=\/wp\/v2\/posts"}],"about":[{"href":"https:\/\/archive.sana.sy\/tr\/index.php?rest_route=\/wp\/v2\/types\/post"}],"author":[{"embeddable":true,"href":"https:\/\/archive.sana.sy\/tr\/index.php?rest_route=\/wp\/v2\/users\/1"}],"replies":[{"embeddable":true,"href":"https:\/\/archive.sana.sy\/tr\/index.php?rest_route=%2Fwp%2Fv2%2Fcomments&post=106038"}],"version-history":[{"count":0,"href":"https:\/\/archive.sana.sy\/tr\/index.php?rest_route=\/wp\/v2\/posts\/106038\/revisions"}],"wp:attachment":[{"href":"https:\/\/archive.sana.sy\/tr\/index.php?rest_route=%2Fwp%2Fv2%2Fmedia&parent=106038"}],"wp:term":[{"taxonomy":"category","embeddable":true,"href":"https:\/\/archive.sana.sy\/tr\/index.php?rest_route=%2Fwp%2Fv2%2Fcategories&post=106038"},{"taxonomy":"post_tag","embeddable":true,"href":"https:\/\/archive.sana.sy\/tr\/index.php?rest_route=%2Fwp%2Fv2%2Ftags&post=106038"}],"curies":[{"name":"wp","href":"https:\/\/api.w.org\/{rel}","templated":true}]}}