{"id":106048,"date":"2017-02-25T20:42:43","date_gmt":"2017-02-25T18:42:43","guid":{"rendered":"http:\/\/www.sana.sy\/tr\/?p=106048"},"modified":"2017-02-25T20:37:09","modified_gmt":"2017-02-25T18:37:09","slug":"homsta-meydana-gelen-bombali-teror-eylemlerinin-teror-destekcilerinin-bir-mesaji-olduguna-bir-kez-daha-dikkat-ceken-caferi-bu-teror-saldirilarinin-oylesine-gecmesine-izin-verilmeyeceginin-de","status":"publish","type":"post","link":"https:\/\/archive.sana.sy\/tr\/?p=106048","title":{"rendered":"Homs\u2019ta meydana gelen bombal\u0131 ter\u00f6r eylemlerinin ter\u00f6r destek\u00e7ilerinin bir mesaj\u0131 oldu\u011funa bir kez daha dikkat \u00e7eken Caferi; bu ter\u00f6r sald\u0131r\u0131lar\u0131n\u0131n \u00f6ylesine ge\u00e7mesine izin verilmeyece\u011finin de bir kez daha alt\u0131n\u0131 \u00e7izdi."},"content":{"rendered":"<p>Homs\u2019ta meydana gelen bombal\u0131 ter\u00f6r eylemlerinin ter\u00f6r destek\u00e7ilerinin bir mesaj\u0131 oldu\u011funa bir kez daha dikkat \u00e7eken Caferi; bu ter\u00f6r sald\u0131r\u0131lar\u0131n\u0131n \u00f6ylesine ge\u00e7mesine izin verilmeyece\u011finin de bir kez daha alt\u0131n\u0131 \u00e7izdi.<\/p>\n","protected":false},"excerpt":{"rendered":"<p>Homs\u2019ta meydana gelen bombal\u0131 ter\u00f6r eylemlerinin ter\u00f6r destek\u00e7ilerinin bir mesaj\u0131 oldu\u011funa bir kez daha dikkat \u00e7eken Caferi; bu ter\u00f6r sald\u0131r\u0131lar\u0131n\u0131n \u00f6ylesine ge\u00e7mesine izin verilmeyece\u011finin de bir kez daha alt\u0131n\u0131 \u00e7izdi.<\/p>\n","protected":false},"author":1,"featured_media":0,"comment_status":"closed","ping_status":"closed","sticky":false,"template":"","format":"standard","meta":{"footnotes":""},"categories":[17991],"tags":[],"class_list":["post-106048","post","type-post","status-publish","format-standard","","category-son-dakika"],"_links":{"self":[{"href":"https:\/\/archive.sana.sy\/tr\/index.php?rest_route=\/wp\/v2\/posts\/106048","targetHints":{"allow":["GET"]}}],"collection":[{"href":"https:\/\/archive.sana.sy\/tr\/index.php?rest_route=\/wp\/v2\/posts"}],"about":[{"href":"https:\/\/archive.sana.sy\/tr\/index.php?rest_route=\/wp\/v2\/types\/post"}],"author":[{"embeddable":true,"href":"https:\/\/archive.sana.sy\/tr\/index.php?rest_route=\/wp\/v2\/users\/1"}],"replies":[{"embeddable":true,"href":"https:\/\/archive.sana.sy\/tr\/index.php?rest_route=%2Fwp%2Fv2%2Fcomments&post=106048"}],"version-history":[{"count":0,"href":"https:\/\/archive.sana.sy\/tr\/index.php?rest_route=\/wp\/v2\/posts\/106048\/revisions"}],"wp:attachment":[{"href":"https:\/\/archive.sana.sy\/tr\/index.php?rest_route=%2Fwp%2Fv2%2Fmedia&parent=106048"}],"wp:term":[{"taxonomy":"category","embeddable":true,"href":"https:\/\/archive.sana.sy\/tr\/index.php?rest_route=%2Fwp%2Fv2%2Fcategories&post=106048"},{"taxonomy":"post_tag","embeddable":true,"href":"https:\/\/archive.sana.sy\/tr\/index.php?rest_route=%2Fwp%2Fv2%2Ftags&post=106048"}],"curies":[{"name":"wp","href":"https:\/\/api.w.org\/{rel}","templated":true}]}}