{"id":106049,"date":"2017-02-25T20:45:50","date_gmt":"2017-02-25T18:45:50","guid":{"rendered":"http:\/\/www.sana.sy\/tr\/?p=106049"},"modified":"2017-02-25T20:37:53","modified_gmt":"2017-02-25T18:37:53","slug":"caferi-homsta-meydana-gelen-bombali-teror-eylemlerinin-sadece-askeri-olmadigini-vurgularken-siyasi-sabotaj-oldugunu-ve-cenevre-gorusmelerini-de-etkiledigine-dikkat-cekti","status":"publish","type":"post","link":"https:\/\/archive.sana.sy\/tr\/?p=106049","title":{"rendered":"Caferi Homs\u2019ta meydana gelen bombal\u0131 ter\u00f6r eylemlerinin sadece askeri olmad\u0131\u011f\u0131n\u0131 vurgularken, siyasi sabotaj oldu\u011funu ve Cenevre g\u00f6r\u00fc\u015fmelerini de etkiledi\u011fine dikkat \u00e7ekti."},"content":{"rendered":"<p>Caferi Homs\u2019ta meydana gelen bombal\u0131 ter\u00f6r eylemlerinin sadece askeri olmad\u0131\u011f\u0131n\u0131 vurgularken, siyasi sabotaj oldu\u011funu ve Cenevre g\u00f6r\u00fc\u015fmelerini de etkiledi\u011fine dikkat \u00e7ekti.<\/p>\n","protected":false},"excerpt":{"rendered":"<p>Caferi Homs\u2019ta meydana gelen bombal\u0131 ter\u00f6r eylemlerinin sadece askeri olmad\u0131\u011f\u0131n\u0131 vurgularken, siyasi sabotaj oldu\u011funu ve Cenevre g\u00f6r\u00fc\u015fmelerini de etkiledi\u011fine dikkat \u00e7ekti.<\/p>\n","protected":false},"author":1,"featured_media":0,"comment_status":"closed","ping_status":"closed","sticky":false,"template":"","format":"standard","meta":{"footnotes":""},"categories":[17991],"tags":[],"class_list":["post-106049","post","type-post","status-publish","format-standard","","category-son-dakika"],"_links":{"self":[{"href":"https:\/\/archive.sana.sy\/tr\/index.php?rest_route=\/wp\/v2\/posts\/106049","targetHints":{"allow":["GET"]}}],"collection":[{"href":"https:\/\/archive.sana.sy\/tr\/index.php?rest_route=\/wp\/v2\/posts"}],"about":[{"href":"https:\/\/archive.sana.sy\/tr\/index.php?rest_route=\/wp\/v2\/types\/post"}],"author":[{"embeddable":true,"href":"https:\/\/archive.sana.sy\/tr\/index.php?rest_route=\/wp\/v2\/users\/1"}],"replies":[{"embeddable":true,"href":"https:\/\/archive.sana.sy\/tr\/index.php?rest_route=%2Fwp%2Fv2%2Fcomments&post=106049"}],"version-history":[{"count":0,"href":"https:\/\/archive.sana.sy\/tr\/index.php?rest_route=\/wp\/v2\/posts\/106049\/revisions"}],"wp:attachment":[{"href":"https:\/\/archive.sana.sy\/tr\/index.php?rest_route=%2Fwp%2Fv2%2Fmedia&parent=106049"}],"wp:term":[{"taxonomy":"category","embeddable":true,"href":"https:\/\/archive.sana.sy\/tr\/index.php?rest_route=%2Fwp%2Fv2%2Fcategories&post=106049"},{"taxonomy":"post_tag","embeddable":true,"href":"https:\/\/archive.sana.sy\/tr\/index.php?rest_route=%2Fwp%2Fv2%2Ftags&post=106049"}],"curies":[{"name":"wp","href":"https:\/\/api.w.org\/{rel}","templated":true}]}}