{"id":106050,"date":"2017-02-25T20:48:55","date_gmt":"2017-02-25T18:48:55","guid":{"rendered":"http:\/\/www.sana.sy\/tr\/?p=106050"},"modified":"2017-02-25T20:39:06","modified_gmt":"2017-02-25T18:39:06","slug":"teror-eylemlerini-kinamanin-suriyelilerin-kanlarini-geri-getirmeyecegini-iade-eden-caferi-fakat-cenevre-gorusmelerine-katilanlarin-terore-karsi-gercek-tutumlarini-ortaya-koymalari-ve-ciddiyetlerini-n","status":"publish","type":"post","link":"https:\/\/archive.sana.sy\/tr\/?p=106050","title":{"rendered":"Ter\u00f6r eylemlerini k\u0131naman\u0131n Suriyelilerin kanlar\u0131n\u0131 geri getirmeyece\u011fini iade eden Caferi, fakat Cenevre g\u00f6r\u00fc\u015fmelerine kat\u0131lanlar\u0131n ter\u00f6re kar\u015f\u0131 ger\u00e7ek tutumlar\u0131n\u0131 ortaya koymalar\u0131 ve ciddiyetlerini netle\u015ftirmelerinde bir s\u0131nav niteli\u011fi ta\u015f\u0131d\u0131\u011f\u0131n\u0131 ifade etti"},"content":{"rendered":"<p>Ter\u00f6r eylemlerini k\u0131naman\u0131n Suriyelilerin kanlar\u0131n\u0131 geri getirmeyece\u011fini iade eden Caferi, fakat Cenevre g\u00f6r\u00fc\u015fmelerine kat\u0131lanlar\u0131n ter\u00f6re kar\u015f\u0131 ger\u00e7ek tutumlar\u0131n\u0131 ortaya koymalar\u0131 ve ciddiyetlerini netle\u015ftirmelerinde bir s\u0131nav niteli\u011fi ta\u015f\u0131d\u0131\u011f\u0131n\u0131 ifade etti<\/p>\n","protected":false},"excerpt":{"rendered":"<p>Ter\u00f6r eylemlerini k\u0131naman\u0131n Suriyelilerin kanlar\u0131n\u0131 geri getirmeyece\u011fini iade eden Caferi, fakat Cenevre g\u00f6r\u00fc\u015fmelerine kat\u0131lanlar\u0131n ter\u00f6re kar\u015f\u0131 ger\u00e7ek tutumlar\u0131n\u0131 ortaya koymalar\u0131 ve ciddiyetlerini netle\u015ftirmelerinde bir s\u0131nav niteli\u011fi ta\u015f\u0131d\u0131\u011f\u0131n\u0131 ifade etti<\/p>\n","protected":false},"author":1,"featured_media":0,"comment_status":"closed","ping_status":"closed","sticky":false,"template":"","format":"standard","meta":{"footnotes":""},"categories":[17991],"tags":[],"class_list":["post-106050","post","type-post","status-publish","format-standard","","category-son-dakika"],"_links":{"self":[{"href":"https:\/\/archive.sana.sy\/tr\/index.php?rest_route=\/wp\/v2\/posts\/106050","targetHints":{"allow":["GET"]}}],"collection":[{"href":"https:\/\/archive.sana.sy\/tr\/index.php?rest_route=\/wp\/v2\/posts"}],"about":[{"href":"https:\/\/archive.sana.sy\/tr\/index.php?rest_route=\/wp\/v2\/types\/post"}],"author":[{"embeddable":true,"href":"https:\/\/archive.sana.sy\/tr\/index.php?rest_route=\/wp\/v2\/users\/1"}],"replies":[{"embeddable":true,"href":"https:\/\/archive.sana.sy\/tr\/index.php?rest_route=%2Fwp%2Fv2%2Fcomments&post=106050"}],"version-history":[{"count":0,"href":"https:\/\/archive.sana.sy\/tr\/index.php?rest_route=\/wp\/v2\/posts\/106050\/revisions"}],"wp:attachment":[{"href":"https:\/\/archive.sana.sy\/tr\/index.php?rest_route=%2Fwp%2Fv2%2Fmedia&parent=106050"}],"wp:term":[{"taxonomy":"category","embeddable":true,"href":"https:\/\/archive.sana.sy\/tr\/index.php?rest_route=%2Fwp%2Fv2%2Fcategories&post=106050"},{"taxonomy":"post_tag","embeddable":true,"href":"https:\/\/archive.sana.sy\/tr\/index.php?rest_route=%2Fwp%2Fv2%2Ftags&post=106050"}],"curies":[{"name":"wp","href":"https:\/\/api.w.org\/{rel}","templated":true}]}}