{"id":106061,"date":"2017-02-25T21:00:54","date_gmt":"2017-02-25T19:00:54","guid":{"rendered":"http:\/\/www.sana.sy\/tr\/?p=106061"},"modified":"2017-02-25T20:43:52","modified_gmt":"2017-02-25T18:43:52","slug":"homsta-meydana-gelen-bombali-teror-eylemlerinin-arkasinda-dis-guclerin-bulunup-bulunmadigina-iliskin-soruya-cevabinda-caferi-kuskusuz-bulundugunu-belirtti","status":"publish","type":"post","link":"https:\/\/archive.sana.sy\/tr\/?p=106061","title":{"rendered":"Homs\u2019ta meydana gelen bombal\u0131 ter\u00f6r eylemlerinin arkas\u0131nda d\u0131\u015f g\u00fc\u00e7lerin bulunup bulunmad\u0131\u011f\u0131na ili\u015fkin soruya cevab\u0131nda Caferi; ku\u015fkusuz bulundu\u011funu belirtti"},"content":{"rendered":"<p>Homs\u2019ta meydana gelen bombal\u0131 ter\u00f6r eylemlerinin arkas\u0131nda d\u0131\u015f g\u00fc\u00e7lerin bulunup bulunmad\u0131\u011f\u0131na ili\u015fkin soruya cevab\u0131nda Caferi; ku\u015fkusuz bulundu\u011funu belirtti<\/p>\n","protected":false},"excerpt":{"rendered":"<p>Homs\u2019ta meydana gelen bombal\u0131 ter\u00f6r eylemlerinin arkas\u0131nda d\u0131\u015f g\u00fc\u00e7lerin bulunup bulunmad\u0131\u011f\u0131na ili\u015fkin soruya cevab\u0131nda Caferi; ku\u015fkusuz bulundu\u011funu belirtti<\/p>\n","protected":false},"author":1,"featured_media":0,"comment_status":"closed","ping_status":"closed","sticky":false,"template":"","format":"standard","meta":{"footnotes":""},"categories":[17991],"tags":[],"class_list":["post-106061","post","type-post","status-publish","format-standard","","category-son-dakika"],"_links":{"self":[{"href":"https:\/\/archive.sana.sy\/tr\/index.php?rest_route=\/wp\/v2\/posts\/106061","targetHints":{"allow":["GET"]}}],"collection":[{"href":"https:\/\/archive.sana.sy\/tr\/index.php?rest_route=\/wp\/v2\/posts"}],"about":[{"href":"https:\/\/archive.sana.sy\/tr\/index.php?rest_route=\/wp\/v2\/types\/post"}],"author":[{"embeddable":true,"href":"https:\/\/archive.sana.sy\/tr\/index.php?rest_route=\/wp\/v2\/users\/1"}],"replies":[{"embeddable":true,"href":"https:\/\/archive.sana.sy\/tr\/index.php?rest_route=%2Fwp%2Fv2%2Fcomments&post=106061"}],"version-history":[{"count":0,"href":"https:\/\/archive.sana.sy\/tr\/index.php?rest_route=\/wp\/v2\/posts\/106061\/revisions"}],"wp:attachment":[{"href":"https:\/\/archive.sana.sy\/tr\/index.php?rest_route=%2Fwp%2Fv2%2Fmedia&parent=106061"}],"wp:term":[{"taxonomy":"category","embeddable":true,"href":"https:\/\/archive.sana.sy\/tr\/index.php?rest_route=%2Fwp%2Fv2%2Fcategories&post=106061"},{"taxonomy":"post_tag","embeddable":true,"href":"https:\/\/archive.sana.sy\/tr\/index.php?rest_route=%2Fwp%2Fv2%2Ftags&post=106061"}],"curies":[{"name":"wp","href":"https:\/\/api.w.org\/{rel}","templated":true}]}}