{"id":106067,"date":"2017-02-25T21:06:56","date_gmt":"2017-02-25T19:06:56","guid":{"rendered":"http:\/\/www.sana.sy\/tr\/?p=106067"},"modified":"2017-02-25T20:46:43","modified_gmt":"2017-02-25T18:46:43","slug":"dolayisiyla-de-misturadan-sadece-teror-eylemlerine-kinama-degil-teroru-destekleyen-devletlere-karsi-bu-desteklerini-kesmeleri-icin-caydirici-icraatlar-almasini-talep-ettigini-belirten-caferi","status":"publish","type":"post","link":"https:\/\/archive.sana.sy\/tr\/?p=106067","title":{"rendered":"Dolay\u0131s\u0131yla de Mistura\u2019dan sadece ter\u00f6r eylemlerine k\u0131nama de\u011fil, ter\u00f6r\u00fc destekleyen devletlere kar\u015f\u0131 bu desteklerini kesmeleri i\u00e7in cayd\u0131r\u0131c\u0131 icraatlar almas\u0131n\u0131 talep etti\u011fini belirten Caferi; de Mistura\u2019n\u0131n da bu konuda elinden gelen her gayreti g\u00f6sterece\u011fini ifade etti\u011fini aktard\u0131."},"content":{"rendered":"<p>Dolay\u0131s\u0131yla de Mistura\u2019dan sadece ter\u00f6r eylemlerine k\u0131nama de\u011fil, ter\u00f6r\u00fc destekleyen devletlere kar\u015f\u0131 bu desteklerini kesmeleri i\u00e7in cayd\u0131r\u0131c\u0131 icraatlar almas\u0131n\u0131 talep etti\u011fini belirten Caferi; de Mistura\u2019n\u0131n da bu konuda elinden gelen her gayreti g\u00f6sterece\u011fini ifade etti\u011fini aktard\u0131.<\/p>\n","protected":false},"excerpt":{"rendered":"<p>Dolay\u0131s\u0131yla de Mistura\u2019dan sadece ter\u00f6r eylemlerine k\u0131nama de\u011fil, ter\u00f6r\u00fc destekleyen devletlere kar\u015f\u0131 bu desteklerini kesmeleri i\u00e7in cayd\u0131r\u0131c\u0131 icraatlar almas\u0131n\u0131 talep etti\u011fini belirten Caferi; de Mistura\u2019n\u0131n da bu konuda elinden gelen her gayreti g\u00f6sterece\u011fini ifade etti\u011fini aktard\u0131.<\/p>\n","protected":false},"author":1,"featured_media":0,"comment_status":"closed","ping_status":"closed","sticky":false,"template":"","format":"standard","meta":{"footnotes":""},"categories":[17991],"tags":[],"class_list":["post-106067","post","type-post","status-publish","format-standard","","category-son-dakika"],"_links":{"self":[{"href":"https:\/\/archive.sana.sy\/tr\/index.php?rest_route=\/wp\/v2\/posts\/106067","targetHints":{"allow":["GET"]}}],"collection":[{"href":"https:\/\/archive.sana.sy\/tr\/index.php?rest_route=\/wp\/v2\/posts"}],"about":[{"href":"https:\/\/archive.sana.sy\/tr\/index.php?rest_route=\/wp\/v2\/types\/post"}],"author":[{"embeddable":true,"href":"https:\/\/archive.sana.sy\/tr\/index.php?rest_route=\/wp\/v2\/users\/1"}],"replies":[{"embeddable":true,"href":"https:\/\/archive.sana.sy\/tr\/index.php?rest_route=%2Fwp%2Fv2%2Fcomments&post=106067"}],"version-history":[{"count":0,"href":"https:\/\/archive.sana.sy\/tr\/index.php?rest_route=\/wp\/v2\/posts\/106067\/revisions"}],"wp:attachment":[{"href":"https:\/\/archive.sana.sy\/tr\/index.php?rest_route=%2Fwp%2Fv2%2Fmedia&parent=106067"}],"wp:term":[{"taxonomy":"category","embeddable":true,"href":"https:\/\/archive.sana.sy\/tr\/index.php?rest_route=%2Fwp%2Fv2%2Fcategories&post=106067"},{"taxonomy":"post_tag","embeddable":true,"href":"https:\/\/archive.sana.sy\/tr\/index.php?rest_route=%2Fwp%2Fv2%2Ftags&post=106067"}],"curies":[{"name":"wp","href":"https:\/\/api.w.org\/{rel}","templated":true}]}}