{"id":106072,"date":"2017-02-25T21:10:01","date_gmt":"2017-02-25T19:10:01","guid":{"rendered":"http:\/\/www.sana.sy\/tr\/?p=106072"},"modified":"2017-02-25T20:51:54","modified_gmt":"2017-02-25T18:51:54","slug":"suriye-heyeti-baskani-caferi-terorle-mucadele-konusunda-cenevre-gorusmelerinde-ilerleme-saglanmamasi-halinde-astanaya-donulmesi-konusunda-bir-soruya-cevabinda-gerek-astana-gerek-cenevre-gor","status":"publish","type":"post","link":"https:\/\/archive.sana.sy\/tr\/?p=106072","title":{"rendered":"Suriye heyeti ba\u015fkan\u0131 Caferi; ter\u00f6rle m\u00fccadele konusunda Cenevre g\u00f6r\u00fc\u015fmelerinde ilerleme sa\u011flanmamas\u0131 halinde Astana\u2019ya d\u00f6n\u00fclmesi konusunda bir soruya cevab\u0131nda; gerek Astana gerek Cenevre g\u00f6r\u00fc\u015fmelerinde temel \u00f6nceli\u011fin ter\u00f6rle m\u00fccadele olmas\u0131 gerekti\u011finin alt\u0131n\u0131 \u00e7izdi"},"content":{"rendered":"<p>Suriye heyeti ba\u015fkan\u0131 Caferi; ter\u00f6rle m\u00fccadele konusunda Cenevre g\u00f6r\u00fc\u015fmelerinde ilerleme sa\u011flanmamas\u0131 halinde Astana\u2019ya d\u00f6n\u00fclmesi konusunda bir soruya cevab\u0131nda; gerek Astana gerek Cenevre g\u00f6r\u00fc\u015fmelerinde temel \u00f6nceli\u011fin ter\u00f6rle m\u00fccadele olmas\u0131 gerekti\u011finin alt\u0131n\u0131 \u00e7izdi<\/p>\n","protected":false},"excerpt":{"rendered":"<p>Suriye heyeti ba\u015fkan\u0131 Caferi; ter\u00f6rle m\u00fccadele konusunda Cenevre g\u00f6r\u00fc\u015fmelerinde ilerleme sa\u011flanmamas\u0131 halinde Astana\u2019ya d\u00f6n\u00fclmesi konusunda bir soruya cevab\u0131nda; gerek Astana gerek Cenevre g\u00f6r\u00fc\u015fmelerinde temel \u00f6nceli\u011fin ter\u00f6rle m\u00fccadele olmas\u0131 gerekti\u011finin alt\u0131n\u0131 \u00e7izdi<\/p>\n","protected":false},"author":1,"featured_media":0,"comment_status":"closed","ping_status":"closed","sticky":false,"template":"","format":"standard","meta":{"footnotes":""},"categories":[17991],"tags":[],"class_list":["post-106072","post","type-post","status-publish","format-standard","","category-son-dakika"],"_links":{"self":[{"href":"https:\/\/archive.sana.sy\/tr\/index.php?rest_route=\/wp\/v2\/posts\/106072","targetHints":{"allow":["GET"]}}],"collection":[{"href":"https:\/\/archive.sana.sy\/tr\/index.php?rest_route=\/wp\/v2\/posts"}],"about":[{"href":"https:\/\/archive.sana.sy\/tr\/index.php?rest_route=\/wp\/v2\/types\/post"}],"author":[{"embeddable":true,"href":"https:\/\/archive.sana.sy\/tr\/index.php?rest_route=\/wp\/v2\/users\/1"}],"replies":[{"embeddable":true,"href":"https:\/\/archive.sana.sy\/tr\/index.php?rest_route=%2Fwp%2Fv2%2Fcomments&post=106072"}],"version-history":[{"count":0,"href":"https:\/\/archive.sana.sy\/tr\/index.php?rest_route=\/wp\/v2\/posts\/106072\/revisions"}],"wp:attachment":[{"href":"https:\/\/archive.sana.sy\/tr\/index.php?rest_route=%2Fwp%2Fv2%2Fmedia&parent=106072"}],"wp:term":[{"taxonomy":"category","embeddable":true,"href":"https:\/\/archive.sana.sy\/tr\/index.php?rest_route=%2Fwp%2Fv2%2Fcategories&post=106072"},{"taxonomy":"post_tag","embeddable":true,"href":"https:\/\/archive.sana.sy\/tr\/index.php?rest_route=%2Fwp%2Fv2%2Ftags&post=106072"}],"curies":[{"name":"wp","href":"https:\/\/api.w.org\/{rel}","templated":true}]}}