{"id":106076,"date":"2017-02-25T21:14:29","date_gmt":"2017-02-25T19:14:29","guid":{"rendered":"http:\/\/www.sana.sy\/tr\/?p=106076"},"modified":"2017-02-25T20:55:14","modified_gmt":"2017-02-25T18:55:14","slug":"isidin-temelde-ticari-ve-siyasi-amacli-bir-teror-orgutu-oldugunu-belirten-caferi-bu-teror-orgutunun-de-turkiye-rejimi-ile-baglantilarina-dikkat-cekti","status":"publish","type":"post","link":"https:\/\/archive.sana.sy\/tr\/?p=106076","title":{"rendered":"I\u015e\u0130D\u2019in temelde ticari ve siyasi ama\u00e7l\u0131 bir ter\u00f6r \u00f6rg\u00fct\u00fc oldu\u011funu belirten Caferi; bu ter\u00f6r \u00f6rg\u00fct\u00fcn\u00fcn de T\u00fcrkiye rejimi ile ba\u011flant\u0131lar\u0131na dikkat \u00e7ekti"},"content":{"rendered":"<p>I\u015e\u0130D\u2019in temelde ticari ve siyasi ama\u00e7l\u0131 bir ter\u00f6r \u00f6rg\u00fct\u00fc oldu\u011funu belirten Caferi; bu ter\u00f6r \u00f6rg\u00fct\u00fcn\u00fcn de T\u00fcrkiye rejimi ile ba\u011flant\u0131lar\u0131na dikkat \u00e7ekti<\/p>\n","protected":false},"excerpt":{"rendered":"<p>I\u015e\u0130D\u2019in temelde ticari ve siyasi ama\u00e7l\u0131 bir ter\u00f6r \u00f6rg\u00fct\u00fc oldu\u011funu belirten Caferi; bu ter\u00f6r \u00f6rg\u00fct\u00fcn\u00fcn de T\u00fcrkiye rejimi ile ba\u011flant\u0131lar\u0131na dikkat \u00e7ekti<\/p>\n","protected":false},"author":1,"featured_media":0,"comment_status":"closed","ping_status":"closed","sticky":false,"template":"","format":"standard","meta":{"footnotes":""},"categories":[17991],"tags":[],"class_list":["post-106076","post","type-post","status-publish","format-standard","","category-son-dakika"],"_links":{"self":[{"href":"https:\/\/archive.sana.sy\/tr\/index.php?rest_route=\/wp\/v2\/posts\/106076","targetHints":{"allow":["GET"]}}],"collection":[{"href":"https:\/\/archive.sana.sy\/tr\/index.php?rest_route=\/wp\/v2\/posts"}],"about":[{"href":"https:\/\/archive.sana.sy\/tr\/index.php?rest_route=\/wp\/v2\/types\/post"}],"author":[{"embeddable":true,"href":"https:\/\/archive.sana.sy\/tr\/index.php?rest_route=\/wp\/v2\/users\/1"}],"replies":[{"embeddable":true,"href":"https:\/\/archive.sana.sy\/tr\/index.php?rest_route=%2Fwp%2Fv2%2Fcomments&post=106076"}],"version-history":[{"count":0,"href":"https:\/\/archive.sana.sy\/tr\/index.php?rest_route=\/wp\/v2\/posts\/106076\/revisions"}],"wp:attachment":[{"href":"https:\/\/archive.sana.sy\/tr\/index.php?rest_route=%2Fwp%2Fv2%2Fmedia&parent=106076"}],"wp:term":[{"taxonomy":"category","embeddable":true,"href":"https:\/\/archive.sana.sy\/tr\/index.php?rest_route=%2Fwp%2Fv2%2Fcategories&post=106076"},{"taxonomy":"post_tag","embeddable":true,"href":"https:\/\/archive.sana.sy\/tr\/index.php?rest_route=%2Fwp%2Fv2%2Ftags&post=106076"}],"curies":[{"name":"wp","href":"https:\/\/api.w.org\/{rel}","templated":true}]}}