{"id":106094,"date":"2017-02-25T21:30:01","date_gmt":"2017-02-25T19:30:01","guid":{"rendered":"http:\/\/www.sana.sy\/tr\/?p=106094"},"modified":"2017-02-26T10:43:39","modified_gmt":"2017-02-26T08:43:39","slug":"sear-polis-memurlarinin-vatandasin-guvenini-kazanmasi-onemlidir","status":"publish","type":"post","link":"https:\/\/archive.sana.sy\/tr\/?p=106094","title":{"rendered":"\u015eear: Polis Memurlar\u0131n\u0131n Vatanda\u015f\u0131n G\u00fcvenini Kazanmas\u0131 \u00d6nemlidir"},"content":{"rendered":"<p>\u015eAM \u2013 \u0130\u00e7i\u015fleri Bakan\u0131 Muhammed el \u015eear d\u00fcn Trafik \u0130dare M\u00fcd\u00fcr\u00fc ve Trafik \u015eubeleri Ba\u015fkanlar\u0131 ile d\u00fczenledi\u011fi toplant\u0131da su\u00e7un \u00f6nlenmesi ve vatanda\u015flar\u0131n g\u00fcvenli\u011finin sa\u011flanmas\u0131 ile ilgili teyakkuz seviyesi ve teknolojik y\u00f6ntemlerin geli\u015ftirilmesi ve gerekli b\u00fct\u00fcn icraatlar\u0131n al\u0131nmas\u0131 gerekti\u011fini ifade etti.<\/p>\n<p>\u00c7al\u0131nt\u0131, \u015f\u00fcpheli ve sahte plakal\u0131 ara\u00e7larla ilgili denetim \u00e7al\u0131\u015fmalar\u0131n\u0131n s\u0131kla\u015ft\u0131r\u0131lmas\u0131 gere\u011fine dikkat \u00e7eken \u015eear; polis memurlar\u0131n\u0131n vatanda\u015f\u0131n g\u00fcvenini kazanmas\u0131n\u0131n \u00f6nemine ve i\u00e7 g\u00fcvenlik unsurlar\u0131n vatan ve vatanda\u015f\u0131n g\u00fcvenli\u011finin sa\u011flanmas\u0131ndaki misyonuna vurgu yapt\u0131.<\/p>\n<p>\u015eear, krizin yaratt\u0131\u011f\u0131 problemler ve olas\u0131 yeni problemlerin \u00e7\u00f6z\u00fcm\u00fcyle ilgili bir \u00e7al\u0131\u015fma plan\u0131 yap\u0131lmas\u0131 \u00e7a\u011fr\u0131s\u0131nda bulunan trafik \u015fubelerinin ilk yard\u0131m ve di\u011fer g\u00fcvenlik \u015fubeleri ile koordinasyonunun yan\u0131 s\u0131ra personel e\u011fitimi ve performans\u0131n\u0131n \u00f6neminin alt\u0131n\u0131 \u00e7izdi.<\/p>\n","protected":false},"excerpt":{"rendered":"<p>\u015eAM \u2013 \u0130\u00e7i\u015fleri Bakan\u0131 Muhammed el \u015eear d\u00fcn Trafik \u0130dare M\u00fcd\u00fcr\u00fc ve Trafik \u015eubeleri Ba\u015fkanlar\u0131 ile d\u00fczenledi\u011fi toplant\u0131da su\u00e7un \u00f6nlenmesi ve vatanda\u015flar\u0131n g\u00fcvenli\u011finin sa\u011flanmas\u0131 ile ilgili teyakkuz seviyesi ve teknolojik y\u00f6ntemlerin geli\u015ftirilmesi ve gerekli b\u00fct\u00fcn icraatlar\u0131n al\u0131nmas\u0131 gerekti\u011fini ifade etti. \u00c7al\u0131nt\u0131, \u015f\u00fcpheli ve sahte plakal\u0131 ara\u00e7larla ilgili denetim \u00e7al\u0131\u015fmalar\u0131n\u0131n s\u0131kla\u015ft\u0131r\u0131lmas\u0131 gere\u011fine dikkat \u00e7eken \u015eear; polis &hellip;<\/p>\n","protected":false},"author":1,"featured_media":106100,"comment_status":"closed","ping_status":"closed","sticky":false,"template":"","format":"standard","meta":{"footnotes":""},"categories":[479,17988,478],"tags":[27975],"class_list":["post-106094","post","type-post","status-publish","format-standard","has-post-thumbnail","","category-haberler-yerel","category-son-haberler","category-yerel","tag-sear-polis-memurlarinin-vatandasin-guvenini-kazanmasi-onemlidir"],"_links":{"self":[{"href":"https:\/\/archive.sana.sy\/tr\/index.php?rest_route=\/wp\/v2\/posts\/106094","targetHints":{"allow":["GET"]}}],"collection":[{"href":"https:\/\/archive.sana.sy\/tr\/index.php?rest_route=\/wp\/v2\/posts"}],"about":[{"href":"https:\/\/archive.sana.sy\/tr\/index.php?rest_route=\/wp\/v2\/types\/post"}],"author":[{"embeddable":true,"href":"https:\/\/archive.sana.sy\/tr\/index.php?rest_route=\/wp\/v2\/users\/1"}],"replies":[{"embeddable":true,"href":"https:\/\/archive.sana.sy\/tr\/index.php?rest_route=%2Fwp%2Fv2%2Fcomments&post=106094"}],"version-history":[{"count":0,"href":"https:\/\/archive.sana.sy\/tr\/index.php?rest_route=\/wp\/v2\/posts\/106094\/revisions"}],"wp:featuredmedia":[{"embeddable":true,"href":"https:\/\/archive.sana.sy\/tr\/index.php?rest_route=\/wp\/v2\/media\/106100"}],"wp:attachment":[{"href":"https:\/\/archive.sana.sy\/tr\/index.php?rest_route=%2Fwp%2Fv2%2Fmedia&parent=106094"}],"wp:term":[{"taxonomy":"category","embeddable":true,"href":"https:\/\/archive.sana.sy\/tr\/index.php?rest_route=%2Fwp%2Fv2%2Fcategories&post=106094"},{"taxonomy":"post_tag","embeddable":true,"href":"https:\/\/archive.sana.sy\/tr\/index.php?rest_route=%2Fwp%2Fv2%2Ftags&post=106094"}],"curies":[{"name":"wp","href":"https:\/\/api.w.org\/{rel}","templated":true}]}}