{"id":106116,"date":"2017-02-26T11:21:15","date_gmt":"2017-02-26T09:21:15","guid":{"rendered":"http:\/\/www.sana.sy\/tr\/?p=106116"},"modified":"2017-02-26T11:21:15","modified_gmt":"2017-02-26T09:21:15","slug":"askeri-kaynak-ordu-birliklerimizin-dera-beledin-yermuk-banliyosunun-guneybatisina-dusen-hazzan-el-aile-bolgesinde-nusra-cephesine-tabi-bir-teror-grubunun-uyelerini-olu-ve-yarali-dusurdukleri","status":"publish","type":"post","link":"https:\/\/archive.sana.sy\/tr\/?p=106116","title":{"rendered":"Askeri kaynak; ordu birliklerimizin Dera Beled\u2019in Yerm\u00fck Banliy\u00f6s\u00fcn\u00fcn g\u00fcneybat\u0131s\u0131na d\u00fc\u015fen Hazzan el Aile B\u00f6lgesinde Nusra Cephesine tabi bir ter\u00f6r grubunun \u00fcyelerini \u00f6l\u00fc ve yaral\u0131 d\u00fc\u015f\u00fcrd\u00fcklerini kaydetti"},"content":{"rendered":"<p>Askeri kaynak; ordu birliklerimizin Dera Beled\u2019in Yerm\u00fck Banliy\u00f6s\u00fcn\u00fcn g\u00fcneybat\u0131s\u0131na d\u00fc\u015fen Hazzan el Aile B\u00f6lgesinde Nusra Cephesine tabi bir ter\u00f6r grubunun \u00fcyelerini \u00f6l\u00fc ve yaral\u0131 d\u00fc\u015f\u00fcrd\u00fcklerini kaydetti<\/p>\n","protected":false},"excerpt":{"rendered":"<p>Askeri kaynak; ordu birliklerimizin Dera Beled\u2019in Yerm\u00fck Banliy\u00f6s\u00fcn\u00fcn g\u00fcneybat\u0131s\u0131na d\u00fc\u015fen Hazzan el Aile B\u00f6lgesinde Nusra Cephesine tabi bir ter\u00f6r grubunun \u00fcyelerini \u00f6l\u00fc ve yaral\u0131 d\u00fc\u015f\u00fcrd\u00fcklerini kaydetti<\/p>\n","protected":false},"author":1,"featured_media":0,"comment_status":"closed","ping_status":"closed","sticky":false,"template":"","format":"standard","meta":{"footnotes":""},"categories":[17991],"tags":[],"class_list":["post-106116","post","type-post","status-publish","format-standard","","category-son-dakika"],"_links":{"self":[{"href":"https:\/\/archive.sana.sy\/tr\/index.php?rest_route=\/wp\/v2\/posts\/106116","targetHints":{"allow":["GET"]}}],"collection":[{"href":"https:\/\/archive.sana.sy\/tr\/index.php?rest_route=\/wp\/v2\/posts"}],"about":[{"href":"https:\/\/archive.sana.sy\/tr\/index.php?rest_route=\/wp\/v2\/types\/post"}],"author":[{"embeddable":true,"href":"https:\/\/archive.sana.sy\/tr\/index.php?rest_route=\/wp\/v2\/users\/1"}],"replies":[{"embeddable":true,"href":"https:\/\/archive.sana.sy\/tr\/index.php?rest_route=%2Fwp%2Fv2%2Fcomments&post=106116"}],"version-history":[{"count":0,"href":"https:\/\/archive.sana.sy\/tr\/index.php?rest_route=\/wp\/v2\/posts\/106116\/revisions"}],"wp:attachment":[{"href":"https:\/\/archive.sana.sy\/tr\/index.php?rest_route=%2Fwp%2Fv2%2Fmedia&parent=106116"}],"wp:term":[{"taxonomy":"category","embeddable":true,"href":"https:\/\/archive.sana.sy\/tr\/index.php?rest_route=%2Fwp%2Fv2%2Fcategories&post=106116"},{"taxonomy":"post_tag","embeddable":true,"href":"https:\/\/archive.sana.sy\/tr\/index.php?rest_route=%2Fwp%2Fv2%2Ftags&post=106116"}],"curies":[{"name":"wp","href":"https:\/\/api.w.org\/{rel}","templated":true}]}}