{"id":106122,"date":"2017-02-26T09:30:53","date_gmt":"2017-02-26T07:30:53","guid":{"rendered":"http:\/\/www.sana.sy\/tr\/?p=106122"},"modified":"2017-03-04T16:09:03","modified_gmt":"2017-03-04T14:09:03","slug":"turkiye-politikasi-karanlik-bir-tunele-girdi","status":"publish","type":"post","link":"https:\/\/archive.sana.sy\/tr\/?p=106122","title":{"rendered":"T\u00fcrkiye Politikas\u0131 Karanl\u0131k Bir T\u00fcnele Girdi"},"content":{"rendered":"<p>TAHRAN \u2013 \u0130ran D\u0131\u015fi\u015fleri Bakan\u0131 Muhammed Cevat Zarif, T\u00fcrkiye ve Suudi Arabistan rejimlerinin b\u00f6lgede ter\u00f6r\u00fc destekleyen bir politika izlediklerini ve bu politikan\u0131n karanl\u0131k bir t\u00fcnele girdi\u011fini belirtti.<\/p>\n<p>\u0130ran Gazetesi ile r\u00f6portaj\u0131nda Zarif; T\u00fcrkiye rejiminin \u0130ran\u2019a y\u00f6nelik son zamanlarda izledi\u011fi tutumu \u2018sorumsuz\u2019 bir tutum olarak nitelendirdi. Zarif, T\u00fcrkiye&#8217;nin haf\u0131zas\u0131 zay\u0131f olan nank\u00f6r bir kom\u015fu olarak nitelendirdi.<\/p>\n<p>T\u00fcrkiye ve Suudi Arabistan\u2019\u0131n I\u015e\u0130D ve Nusra Cephesini desteklediklerini belirten Zarif; bu devletlerin politikalar\u0131 neticesinde ter\u00f6r\u00fcn b\u00f6lgede te\u015fkil etti\u011fi tehlikenin herkes taraf\u0131ndan bilindi\u011fini kaydetti. Zarif bu devletlerin b\u00f6lgeye ili\u015fkin politikalar\u0131n\u0131n ba\u015far\u0131s\u0131z d\u00fc\u015fmesiyle son zamanlarda g\u00fcr\u00fclt\u00fc pat\u0131rt\u0131 kopard\u0131klar\u0131n\u0131 s\u00f6yledi.<\/p>\n","protected":false},"excerpt":{"rendered":"<p>TAHRAN \u2013 \u0130ran D\u0131\u015fi\u015fleri Bakan\u0131 Muhammed Cevat Zarif, T\u00fcrkiye ve Suudi Arabistan rejimlerinin b\u00f6lgede ter\u00f6r\u00fc destekleyen bir politika izlediklerini ve bu politikan\u0131n karanl\u0131k bir t\u00fcnele girdi\u011fini belirtti. \u0130ran Gazetesi ile r\u00f6portaj\u0131nda Zarif; T\u00fcrkiye rejiminin \u0130ran\u2019a y\u00f6nelik son zamanlarda izledi\u011fi tutumu \u2018sorumsuz\u2019 bir tutum olarak nitelendirdi. Zarif, T\u00fcrkiye&#8217;nin haf\u0131zas\u0131 zay\u0131f olan nank\u00f6r bir kom\u015fu olarak nitelendirdi. &hellip;<\/p>\n","protected":false},"author":1,"featured_media":106162,"comment_status":"closed","ping_status":"closed","sticky":false,"template":"","format":"standard","meta":{"footnotes":""},"categories":[458,459,17988],"tags":[],"class_list":["post-106122","post","type-post","status-publish","format-standard","has-post-thumbnail","","category-dunya1","category-haberler-arap-uluslararasi-politika","category-son-haberler"],"_links":{"self":[{"href":"https:\/\/archive.sana.sy\/tr\/index.php?rest_route=\/wp\/v2\/posts\/106122","targetHints":{"allow":["GET"]}}],"collection":[{"href":"https:\/\/archive.sana.sy\/tr\/index.php?rest_route=\/wp\/v2\/posts"}],"about":[{"href":"https:\/\/archive.sana.sy\/tr\/index.php?rest_route=\/wp\/v2\/types\/post"}],"author":[{"embeddable":true,"href":"https:\/\/archive.sana.sy\/tr\/index.php?rest_route=\/wp\/v2\/users\/1"}],"replies":[{"embeddable":true,"href":"https:\/\/archive.sana.sy\/tr\/index.php?rest_route=%2Fwp%2Fv2%2Fcomments&post=106122"}],"version-history":[{"count":0,"href":"https:\/\/archive.sana.sy\/tr\/index.php?rest_route=\/wp\/v2\/posts\/106122\/revisions"}],"wp:featuredmedia":[{"embeddable":true,"href":"https:\/\/archive.sana.sy\/tr\/index.php?rest_route=\/wp\/v2\/media\/106162"}],"wp:attachment":[{"href":"https:\/\/archive.sana.sy\/tr\/index.php?rest_route=%2Fwp%2Fv2%2Fmedia&parent=106122"}],"wp:term":[{"taxonomy":"category","embeddable":true,"href":"https:\/\/archive.sana.sy\/tr\/index.php?rest_route=%2Fwp%2Fv2%2Fcategories&post=106122"},{"taxonomy":"post_tag","embeddable":true,"href":"https:\/\/archive.sana.sy\/tr\/index.php?rest_route=%2Fwp%2Fv2%2Ftags&post=106122"}],"curies":[{"name":"wp","href":"https:\/\/api.w.org\/{rel}","templated":true}]}}