{"id":106164,"date":"2017-02-26T14:38:31","date_gmt":"2017-02-26T12:38:31","guid":{"rendered":"http:\/\/www.sana.sy\/tr\/?p=106164"},"modified":"2017-02-26T14:38:31","modified_gmt":"2017-02-26T12:38:31","slug":"ordu-ve-silahli-kuvvetler-genel-komutanligi-ordu-birliklerimizin-destekci-guclerle-isbirligi-icinde-halep-kirsalinin-bab-kentinin-guneydogusunda-yer-alan-tadef-beldesinde-isidi-sayi-ve-arac","status":"publish","type":"post","link":"https:\/\/archive.sana.sy\/tr\/?p=106164","title":{"rendered":"Ordu ve Silahl\u0131 Kuvvetler Genel Komutanl\u0131\u011f\u0131, ordu birliklerimizin destek\u00e7i g\u00fc\u00e7lerle i\u015fbirli\u011fi i\u00e7inde Halep k\u0131rsal\u0131n\u0131n Bab  Kentinin g\u00fcneydo\u011fusunda yer alan Tadef Beldesinde I\u015e\u0130D\u2019i say\u0131 ve ara\u00e7lar\u0131yla b\u00fcy\u00fck kay\u0131plara u\u011fratmalar\u0131 ard\u0131ndan belde kontrol\u00fc sa\u011flad\u0131klar\u0131n\u0131 ve ahalisinin g\u00fcvenli\u011fini temin ettiklerini belirtti"},"content":{"rendered":"<p>Ordu ve Silahl\u0131 Kuvvetler Genel Komutanl\u0131\u011f\u0131, ordu birliklerimizin destek\u00e7i g\u00fc\u00e7lerle i\u015fbirli\u011fi i\u00e7inde Halep k\u0131rsal\u0131n\u0131n Bab Kentinin g\u00fcneydo\u011fusunda yer alan Tadef Beldesinde I\u015e\u0130D\u2019i say\u0131 ve ara\u00e7lar\u0131yla b\u00fcy\u00fck kay\u0131plara u\u011fratmalar\u0131 ard\u0131ndan belde kontrol\u00fc sa\u011flad\u0131klar\u0131n\u0131 ve ahalisinin g\u00fcvenli\u011fini temin ettiklerini belirtti<\/p>\n","protected":false},"excerpt":{"rendered":"<p>Ordu ve Silahl\u0131 Kuvvetler Genel Komutanl\u0131\u011f\u0131, ordu birliklerimizin destek\u00e7i g\u00fc\u00e7lerle i\u015fbirli\u011fi i\u00e7inde Halep k\u0131rsal\u0131n\u0131n Bab Kentinin g\u00fcneydo\u011fusunda yer alan Tadef Beldesinde I\u015e\u0130D\u2019i say\u0131 ve ara\u00e7lar\u0131yla b\u00fcy\u00fck kay\u0131plara u\u011fratmalar\u0131 ard\u0131ndan belde kontrol\u00fc sa\u011flad\u0131klar\u0131n\u0131 ve ahalisinin g\u00fcvenli\u011fini temin ettiklerini belirtti<\/p>\n","protected":false},"author":1,"featured_media":0,"comment_status":"closed","ping_status":"closed","sticky":false,"template":"","format":"standard","meta":{"footnotes":""},"categories":[17991],"tags":[],"class_list":["post-106164","post","type-post","status-publish","format-standard","","category-son-dakika"],"_links":{"self":[{"href":"https:\/\/archive.sana.sy\/tr\/index.php?rest_route=\/wp\/v2\/posts\/106164","targetHints":{"allow":["GET"]}}],"collection":[{"href":"https:\/\/archive.sana.sy\/tr\/index.php?rest_route=\/wp\/v2\/posts"}],"about":[{"href":"https:\/\/archive.sana.sy\/tr\/index.php?rest_route=\/wp\/v2\/types\/post"}],"author":[{"embeddable":true,"href":"https:\/\/archive.sana.sy\/tr\/index.php?rest_route=\/wp\/v2\/users\/1"}],"replies":[{"embeddable":true,"href":"https:\/\/archive.sana.sy\/tr\/index.php?rest_route=%2Fwp%2Fv2%2Fcomments&post=106164"}],"version-history":[{"count":0,"href":"https:\/\/archive.sana.sy\/tr\/index.php?rest_route=\/wp\/v2\/posts\/106164\/revisions"}],"wp:attachment":[{"href":"https:\/\/archive.sana.sy\/tr\/index.php?rest_route=%2Fwp%2Fv2%2Fmedia&parent=106164"}],"wp:term":[{"taxonomy":"category","embeddable":true,"href":"https:\/\/archive.sana.sy\/tr\/index.php?rest_route=%2Fwp%2Fv2%2Fcategories&post=106164"},{"taxonomy":"post_tag","embeddable":true,"href":"https:\/\/archive.sana.sy\/tr\/index.php?rest_route=%2Fwp%2Fv2%2Ftags&post=106164"}],"curies":[{"name":"wp","href":"https:\/\/api.w.org\/{rel}","templated":true}]}}