{"id":106169,"date":"2017-02-26T15:00:20","date_gmt":"2017-02-26T13:00:20","guid":{"rendered":"http:\/\/www.sana.sy\/tr\/?p=106169"},"modified":"2017-03-04T16:07:19","modified_gmt":"2017-03-04T14:07:19","slug":"yerel-uretim-ve-ihracata-destek-arttirilacak","status":"publish","type":"post","link":"https:\/\/archive.sana.sy\/tr\/?p=106169","title":{"rendered":"Yerel \u00dcretim ve \u0130hracata Destek Artt\u0131r\u0131lacak"},"content":{"rendered":"<p>\u015eAM \u2013 Yerel \u00fcretim ve sanayiye ek de\u011fer sa\u011flama amac\u0131yla Ekonomi ve D\u0131\u015f Ticaret Bakanl\u0131\u011f\u0131 bug\u00fcn, Yerel \u00dcretim ve \u0130hracat\u0131 Destekleme ve Kalk\u0131nd\u0131rma Kurumunun y\u00f6netim kurulu taraf\u0131ndan haz\u0131rlanan strateji plan\u0131n\u0131 onaylad\u0131.<\/p>\n<p>Kurum Ba\u015fkan\u0131 Mehdi el Dali SANA\u2019ya yapt\u0131\u011f\u0131 a\u00e7\u0131klamada strateji plan\u0131n\u0131n; ticaret, sanayi, ihracat\u00e7\u0131lar, i\u015f\u00e7i ve \u00e7ift\u00e7iler odalar\u0131n\u0131n d\u00fczenleyecekleri fuarlar\u0131 kuruma bildirmelerini \u00f6ng\u00f6rd\u00fc\u011f\u00fcn\u00fc belirtti. Dali kurumun b\u00f6ylece s\u00f6z konusu fuarlar\u0131 listesine alaca\u011f\u0131n\u0131, tan\u0131t\u0131p ve reklam\u0131n\u0131 \u00fcstlenece\u011fini ifade ederken, ayn\u0131 zamanda ba\u015fka devletlerde piyasa bulmak i\u00e7in uluslar aras\u0131 fuarlar d\u00fczenleyece\u011fini kaydetti.<\/p>\n<p>Kurumun muhtelif alanlarda \u00e7al\u0131\u015fanlar\u0131n performans ve deneyimlerini peki\u015ftirme ama\u00e7l\u0131 e\u011fitim kurslar\u0131 d\u00fczenleyece\u011fini belirten Dali, mevcut ko\u015fullar\u0131n \u00fcstesinden gelmekle birlikte yerel \u00fcretim ve ihracat\u0131 kalk\u0131nd\u0131rma ama\u00e7l\u0131 \u00e7abalar\u0131n yo\u011funla\u015ft\u0131r\u0131laca\u011f\u0131n\u0131n alt\u0131n\u0131 \u00e7izdi.<\/p>\n<p>Kurumun 2017 fonundan \u00fcretici ve ihracat\u00e7\u0131lara mali destekte bulunaca\u011f\u0131n\u0131 da belirten Dali; her ihracat poli\u00e7esi i\u00e7in uygun mali deste\u011fin temin edilece\u011fini kaydetti.<\/p>\n","protected":false},"excerpt":{"rendered":"<p>\u015eAM \u2013 Yerel \u00fcretim ve sanayiye ek de\u011fer sa\u011flama amac\u0131yla Ekonomi ve D\u0131\u015f Ticaret Bakanl\u0131\u011f\u0131 bug\u00fcn, Yerel \u00dcretim ve \u0130hracat\u0131 Destekleme ve Kalk\u0131nd\u0131rma Kurumunun y\u00f6netim kurulu taraf\u0131ndan haz\u0131rlanan strateji plan\u0131n\u0131 onaylad\u0131. Kurum Ba\u015fkan\u0131 Mehdi el Dali SANA\u2019ya yapt\u0131\u011f\u0131 a\u00e7\u0131klamada strateji plan\u0131n\u0131n; ticaret, sanayi, ihracat\u00e7\u0131lar, i\u015f\u00e7i ve \u00e7ift\u00e7iler odalar\u0131n\u0131n d\u00fczenleyecekleri fuarlar\u0131 kuruma bildirmelerini \u00f6ng\u00f6rd\u00fc\u011f\u00fcn\u00fc belirtti. Dali &hellip;<\/p>\n","protected":false},"author":1,"featured_media":106170,"comment_status":"closed","ping_status":"closed","sticky":false,"template":"","format":"standard","meta":{"footnotes":""},"categories":[485,486,479,17988,478],"tags":[12816,24182,27979],"class_list":["post-106169","post","type-post","status-publish","format-standard","has-post-thumbnail","","category-is-ve-sermaye","category-haberler-is-ve-sermaye","category-haberler-yerel","category-son-haberler","category-yerel","tag-ekonomi-ve-dis-ticaret-bakanligi","tag-suriyede-ekonomi","tag-yerel-uretim-ve-ihracata-destek-arttirilacak"],"_links":{"self":[{"href":"https:\/\/archive.sana.sy\/tr\/index.php?rest_route=\/wp\/v2\/posts\/106169","targetHints":{"allow":["GET"]}}],"collection":[{"href":"https:\/\/archive.sana.sy\/tr\/index.php?rest_route=\/wp\/v2\/posts"}],"about":[{"href":"https:\/\/archive.sana.sy\/tr\/index.php?rest_route=\/wp\/v2\/types\/post"}],"author":[{"embeddable":true,"href":"https:\/\/archive.sana.sy\/tr\/index.php?rest_route=\/wp\/v2\/users\/1"}],"replies":[{"embeddable":true,"href":"https:\/\/archive.sana.sy\/tr\/index.php?rest_route=%2Fwp%2Fv2%2Fcomments&post=106169"}],"version-history":[{"count":0,"href":"https:\/\/archive.sana.sy\/tr\/index.php?rest_route=\/wp\/v2\/posts\/106169\/revisions"}],"wp:featuredmedia":[{"embeddable":true,"href":"https:\/\/archive.sana.sy\/tr\/index.php?rest_route=\/wp\/v2\/media\/106170"}],"wp:attachment":[{"href":"https:\/\/archive.sana.sy\/tr\/index.php?rest_route=%2Fwp%2Fv2%2Fmedia&parent=106169"}],"wp:term":[{"taxonomy":"category","embeddable":true,"href":"https:\/\/archive.sana.sy\/tr\/index.php?rest_route=%2Fwp%2Fv2%2Fcategories&post=106169"},{"taxonomy":"post_tag","embeddable":true,"href":"https:\/\/archive.sana.sy\/tr\/index.php?rest_route=%2Fwp%2Fv2%2Ftags&post=106169"}],"curies":[{"name":"wp","href":"https:\/\/api.w.org\/{rel}","templated":true}]}}