{"id":106173,"date":"2017-02-26T15:19:21","date_gmt":"2017-02-26T13:19:21","guid":{"rendered":"http:\/\/www.sana.sy\/tr\/?p=106173"},"modified":"2017-02-27T15:16:40","modified_gmt":"2017-02-27T13:16:40","slug":"sivil-vatandaslara-saldirilari-devam-ediyor","status":"publish","type":"post","link":"https:\/\/archive.sana.sy\/tr\/?p=106173","title":{"rendered":"Sivil Vatanda\u015flara Sald\u0131r\u0131lar\u0131 Devam Ediyor"},"content":{"rendered":"<p>\u0130LLER \u2013 Belli ba\u015fl\u0131 devletlerin destek ve komutas\u0131nda faaliyet g\u00f6sterip i\u015fverenleriyle birlikte siyasi \u00e7\u00f6z\u00fcm \u00e7abalar\u0131n\u0131 sabote etmeye \u00e7al\u0131\u015fan ter\u00f6ristler bug\u00fcn de sivil yerle\u015fim alanlar\u0131 ve masum vatanda\u015flar\u0131 k\u00f6r f\u00fczelerle hedef almaya devam etti.<\/p>\n<p><span style=\"color: #0000ff\">\u015eAM:<\/span><\/p>\n<p>\u015eam Emniyet M\u00fcd\u00fcrl\u00fc\u011f\u00fcnde bir kaynak Do\u011fu \u011euta\u2019da bulunan ter\u00f6ristlerin ba\u015fkent \u015eam\u2019\u0131n yerle\u015fim alanlar\u0131ndan Mezze 86 B\u00f6lgesine 3 f\u00fczeyle sald\u0131rd\u0131klar\u0131n\u0131 belirtti. Kaynak gaddar sald\u0131r\u0131larda \u015fans eseri be\u015feri isabetlerin olmad\u0131\u011f\u0131n\u0131, fakat vatanda\u015flara ait ev ve i\u015fyerlerinde ciddi maddi hasarlar\u0131n meydana geldi\u011fini kaydetti.<\/p>\n<p><span style=\"color: #0000ff\">\u015eAM KIRSALI:<\/span><\/p>\n<p>\u015eam \u00c7evre Kent Emniyet M\u00fcd\u00fcrl\u00fc\u011f\u00fcnde bir kaynak ise benzer bir a\u00e7\u0131klamada; Do\u011fu \u011euta ve Kabun b\u00f6lgelerinde bulunan ter\u00f6ristlerin Haresta Banliy\u00f6s\u00fcn\u00fc f\u00fcze ya\u011fmuruna tuttuklar\u0131n\u0131 aktard\u0131.<\/p>\n<p>Ter\u00f6r sald\u0131r\u0131lar\u0131nda aralar\u0131nda \u00e7ocuk ve kad\u0131nlar\u0131n bulundu\u011fu 10 sivil vatanda\u015f\u0131n yaraland\u0131\u011f\u0131n\u0131 belirten kaynak, \u00f6zel ve kamu m\u00fclklerde ciddi maddi hasarlar\u0131n meydana geldi\u011fini ifade etti.<\/p>\n<p><span style=\"color: #0000ff\">DERA:<\/span><\/p>\n<p>Di\u011fer yandan Dera\u2019da \u0130srail&#8217;in destekledi\u011fi Nusra Cepheli radikal ter\u00f6r \u00e7eteleri Dera Kentinin Matar Semtine yine f\u00fczelerle sald\u0131rd\u0131.<\/p>\n<p>Dera Valili\u011finde bir kaynak k\u00f6r ter\u00f6r sald\u0131r\u0131lar\u0131 soncunda 1 vatanda\u015f\u0131n yaraland\u0131\u011f\u0131n\u0131, vatanda\u015flara ait bir\u00e7ok evde ciddi hasarlar\u0131n meydana geldi\u011fini ifade etti.<\/p>\n","protected":false},"excerpt":{"rendered":"<p>\u0130LLER \u2013 Belli ba\u015fl\u0131 devletlerin destek ve komutas\u0131nda faaliyet g\u00f6sterip i\u015fverenleriyle birlikte siyasi \u00e7\u00f6z\u00fcm \u00e7abalar\u0131n\u0131 sabote etmeye \u00e7al\u0131\u015fan ter\u00f6ristler bug\u00fcn de sivil yerle\u015fim alanlar\u0131 ve masum vatanda\u015flar\u0131 k\u00f6r f\u00fczelerle hedef almaya devam etti. \u015eAM: \u015eam Emniyet M\u00fcd\u00fcrl\u00fc\u011f\u00fcnde bir kaynak Do\u011fu \u011euta\u2019da bulunan ter\u00f6ristlerin ba\u015fkent \u015eam\u2019\u0131n yerle\u015fim alanlar\u0131ndan Mezze 86 B\u00f6lgesine 3 f\u00fczeyle sald\u0131rd\u0131klar\u0131n\u0131 belirtti. Kaynak &hellip;<\/p>\n","protected":false},"author":1,"featured_media":106174,"comment_status":"closed","ping_status":"closed","sticky":false,"template":"","format":"standard","meta":{"footnotes":""},"categories":[479,575,17988,478],"tags":[17322,27981,26558,27980,11549],"class_list":["post-106173","post","type-post","status-publish","format-standard","has-post-thumbnail","","category-haberler-yerel","category-olaylar-ve-gercekler","category-son-haberler","category-yerel","tag-dogu-guta","tag-sam-cevre-kent-emniyet-mudurlugu","tag-sam-emniyet-mudurlugu","tag-sivil-vatandaslara-saldirilari-devam-ediyor","tag-suriye-ordusu"],"_links":{"self":[{"href":"https:\/\/archive.sana.sy\/tr\/index.php?rest_route=\/wp\/v2\/posts\/106173","targetHints":{"allow":["GET"]}}],"collection":[{"href":"https:\/\/archive.sana.sy\/tr\/index.php?rest_route=\/wp\/v2\/posts"}],"about":[{"href":"https:\/\/archive.sana.sy\/tr\/index.php?rest_route=\/wp\/v2\/types\/post"}],"author":[{"embeddable":true,"href":"https:\/\/archive.sana.sy\/tr\/index.php?rest_route=\/wp\/v2\/users\/1"}],"replies":[{"embeddable":true,"href":"https:\/\/archive.sana.sy\/tr\/index.php?rest_route=%2Fwp%2Fv2%2Fcomments&post=106173"}],"version-history":[{"count":0,"href":"https:\/\/archive.sana.sy\/tr\/index.php?rest_route=\/wp\/v2\/posts\/106173\/revisions"}],"wp:featuredmedia":[{"embeddable":true,"href":"https:\/\/archive.sana.sy\/tr\/index.php?rest_route=\/wp\/v2\/media\/106174"}],"wp:attachment":[{"href":"https:\/\/archive.sana.sy\/tr\/index.php?rest_route=%2Fwp%2Fv2%2Fmedia&parent=106173"}],"wp:term":[{"taxonomy":"category","embeddable":true,"href":"https:\/\/archive.sana.sy\/tr\/index.php?rest_route=%2Fwp%2Fv2%2Fcategories&post=106173"},{"taxonomy":"post_tag","embeddable":true,"href":"https:\/\/archive.sana.sy\/tr\/index.php?rest_route=%2Fwp%2Fv2%2Ftags&post=106173"}],"curies":[{"name":"wp","href":"https:\/\/api.w.org\/{rel}","templated":true}]}}