{"id":10624,"date":"2014-09-20T16:12:29","date_gmt":"2014-09-20T13:12:29","guid":{"rendered":"http:\/\/www.sana.sy\/tr\/?p=10624"},"modified":"2014-09-20T16:12:29","modified_gmt":"2014-09-20T13:12:29","slug":"israilli-casusluk-ucagi-lubnan-topraklarinda-dustu","status":"publish","type":"post","link":"https:\/\/archive.sana.sy\/tr\/?p=10624","title":{"rendered":"\u0130srailli Casusluk U\u00e7a\u011f\u0131 L\u00fcbnan Topraklar\u0131nda D\u00fc\u015ft\u00fc"},"content":{"rendered":"<p>BEYRUT \u2013 L\u00fcbnan&#8217;\u0131n g\u00fcneyi Merciiuyun B\u00f6lgesinde bug\u00fcn i\u015fgal alt\u0131ndaki Filistin topraklar\u0131na yak\u0131n bir yerde \u0130srailli bir casusluk u\u00e7a\u011f\u0131 d\u00fc\u015ft\u00fc.<\/p>\n<p>L\u00fcbnanl\u0131 Menar Televizyonu \u0130srailli s\u00f6z konusu casusluk u\u00e7a\u011f\u0131n\u0131n, L\u00fcbnan topraklar\u0131n\u0131n derinliklerine d\u00fc\u015fen Serda \u00c7iftli\u011fi ile Vezzana Beldesi aras\u0131nda d\u00fc\u015ft\u00fc\u011f\u00fcn\u00fc s\u00f6yledi.<\/p>\n<p>Menar televizyonu L\u00fcbnan ordusunun derhal olay yerine hareket edip mekan\u0131 g\u00fcvenlik \u00e7emberine ald\u0131\u011f\u0131n\u0131 belirtirken, i\u015fgal otoritelerinin u\u00e7a\u011f\u0131 yeniden \u00e7al\u0131\u015ft\u0131rmas\u0131n\u0131 engelledi\u011fini, \u00e7evrede radar dalgalar\u0131n\u0131 da bozdu\u011funu ifade etti.<\/p>\n<p>D\u00fc\u015fen u\u00e7a\u011f\u0131n Sky Ripper tipi geli\u015fmi\u015f bir casusluk u\u00e7a\u011f\u0131 oldu\u011funa dikkat \u00e7eken Televizyon; g\u00fcnl\u00fck olarak \u0130srailli 4 \u2013 5 casusluk u\u00e7aklar\u0131n\u0131n L\u00fcbnan semalar\u0131ndan ayr\u0131lmad\u0131klar\u0131na vurgu yapt\u0131.<\/p>\n","protected":false},"excerpt":{"rendered":"<p>BEYRUT \u2013 L\u00fcbnan&#8217;\u0131n g\u00fcneyi Merciiuyun B\u00f6lgesinde bug\u00fcn i\u015fgal alt\u0131ndaki Filistin topraklar\u0131na yak\u0131n bir yerde \u0130srailli bir casusluk u\u00e7a\u011f\u0131 d\u00fc\u015ft\u00fc. L\u00fcbnanl\u0131 Menar Televizyonu \u0130srailli s\u00f6z konusu casusluk u\u00e7a\u011f\u0131n\u0131n, L\u00fcbnan topraklar\u0131n\u0131n derinliklerine d\u00fc\u015fen Serda \u00c7iftli\u011fi ile Vezzana Beldesi aras\u0131nda d\u00fc\u015ft\u00fc\u011f\u00fcn\u00fc s\u00f6yledi. Menar televizyonu L\u00fcbnan ordusunun derhal olay yerine hareket edip mekan\u0131 g\u00fcvenlik \u00e7emberine ald\u0131\u011f\u0131n\u0131 belirtirken, i\u015fgal otoritelerinin &hellip;<\/p>\n","protected":false},"author":1,"featured_media":10625,"comment_status":"closed","ping_status":"closed","sticky":false,"template":"","format":"standard","meta":{"footnotes":""},"categories":[458,459,447],"tags":[2470],"class_list":["post-10624","post","type-post","status-publish","format-standard","has-post-thumbnail","","category-dunya1","category-haberler-arap-uluslararasi-politika","category-politika","tag-israilli-casusluk-ucagi-lubnan-topraklarinda-dustu"],"_links":{"self":[{"href":"https:\/\/archive.sana.sy\/tr\/index.php?rest_route=\/wp\/v2\/posts\/10624","targetHints":{"allow":["GET"]}}],"collection":[{"href":"https:\/\/archive.sana.sy\/tr\/index.php?rest_route=\/wp\/v2\/posts"}],"about":[{"href":"https:\/\/archive.sana.sy\/tr\/index.php?rest_route=\/wp\/v2\/types\/post"}],"author":[{"embeddable":true,"href":"https:\/\/archive.sana.sy\/tr\/index.php?rest_route=\/wp\/v2\/users\/1"}],"replies":[{"embeddable":true,"href":"https:\/\/archive.sana.sy\/tr\/index.php?rest_route=%2Fwp%2Fv2%2Fcomments&post=10624"}],"version-history":[{"count":0,"href":"https:\/\/archive.sana.sy\/tr\/index.php?rest_route=\/wp\/v2\/posts\/10624\/revisions"}],"wp:featuredmedia":[{"embeddable":true,"href":"https:\/\/archive.sana.sy\/tr\/index.php?rest_route=\/wp\/v2\/media\/10625"}],"wp:attachment":[{"href":"https:\/\/archive.sana.sy\/tr\/index.php?rest_route=%2Fwp%2Fv2%2Fmedia&parent=10624"}],"wp:term":[{"taxonomy":"category","embeddable":true,"href":"https:\/\/archive.sana.sy\/tr\/index.php?rest_route=%2Fwp%2Fv2%2Fcategories&post=10624"},{"taxonomy":"post_tag","embeddable":true,"href":"https:\/\/archive.sana.sy\/tr\/index.php?rest_route=%2Fwp%2Fv2%2Ftags&post=10624"}],"curies":[{"name":"wp","href":"https:\/\/api.w.org\/{rel}","templated":true}]}}