{"id":106292,"date":"2017-02-28T13:07:14","date_gmt":"2017-02-28T11:07:14","guid":{"rendered":"http:\/\/www.sana.sy\/tr\/?p=106292"},"modified":"2017-03-02T15:36:30","modified_gmt":"2017-03-02T13:36:30","slug":"kor-ve-gaddar-saldirilarinda-hedef-yine-siviller-oldu","status":"publish","type":"post","link":"https:\/\/archive.sana.sy\/tr\/?p=106292","title":{"rendered":"K\u00f6r ve Gaddar Sald\u0131r\u0131lar\u0131nda Hedef Yine Siviller Oldu"},"content":{"rendered":"<p>\u015eAM ve KIRSALI \u2013 Suriye ve onurlu halk\u0131na d\u00fc\u015fman rejimlerin destekledikleri ter\u00f6ristler sivil yerle\u015fim alanlar\u0131na k\u00f6r ve gaddar sald\u0131r\u0131lar\u0131n\u0131 s\u00fcrd\u00fcrd\u00fc.<\/p>\n<p>\u015eam Emniyet M\u00fcd\u00fcrl\u00fc\u011f\u00fcnde bir kaynak SANA\u2019ya a\u00e7\u0131klamas\u0131nda; Kabun ve Do\u011fu \u011euta b\u00f6lgelerinde siperlenen ve belli ba\u015fl\u0131 devletlerden komuta alan ter\u00f6ristlerin ba\u015fkent \u015eam\u2019\u0131n sivil yerle\u015fim alanlar\u0131ndan Adevi B\u00f6lgesini f\u00fczelerle hedef ald\u0131klar\u0131n\u0131 belirtti.<\/p>\n<p>Kaynak k\u00f6r ve gaddar sald\u0131r\u0131lar sonucunda 7 vatanda\u015f\u0131n yaraland\u0131\u011f\u0131na dikkat \u00e7ekti.<\/p>\n<p>Ter\u00f6ristlerin iki g\u00fcn \u00f6nce Haresta Banliy\u00f6s\u00fc ve Mezze 86 b\u00f6lgelerini f\u00fcze ya\u011fmuruna tuttuklar\u0131n\u0131 hat\u0131rlatan kaynak, bu sald\u0131r\u0131larda aralar\u0131nda \u00e7ocuk ve kad\u0131nlar\u0131n bulundu\u011fu 14 vatanda\u015f\u0131n yaral\u0131, 1 kad\u0131n\u0131n da \u015fehit d\u00fc\u015ft\u00fc\u011f\u00fcne dikkat \u00e7ekti.<\/p>\n<p>\u015eam \u00c7evre Kent Emniyet M\u00fcd\u00fcrl\u00fc\u011f\u00fcnde bir kaynak ise; Nusra Cephesine tabi radikal ter\u00f6ristlerin \u015eam k\u0131rsal\u0131n\u0131n g\u00fcneybat\u0131s\u0131 Arna Beldesinde sivil vatanda\u015flar\u0131n evlerine f\u00fcze ve havan roketleriyle sald\u0131rd\u0131klar\u0131n\u0131 belirtti.<\/p>\n<p>Kaynak gaddar ter\u00f6r sald\u0131r\u0131lar\u0131nda 1 vatanda\u015f\u0131n \u015fehit, 7 vatanda\u015f\u0131n da yaral\u0131 d\u00fc\u015ft\u00fcklerini ifade ederken, kurbanlar\u0131n aras\u0131nda \u00e7ocuk ve kad\u0131nlar\u0131n bulundu\u011funa dikkat \u00e7ekti.<\/p>\n","protected":false},"excerpt":{"rendered":"<p>\u015eAM ve KIRSALI \u2013 Suriye ve onurlu halk\u0131na d\u00fc\u015fman rejimlerin destekledikleri ter\u00f6ristler sivil yerle\u015fim alanlar\u0131na k\u00f6r ve gaddar sald\u0131r\u0131lar\u0131n\u0131 s\u00fcrd\u00fcrd\u00fc. \u015eam Emniyet M\u00fcd\u00fcrl\u00fc\u011f\u00fcnde bir kaynak SANA\u2019ya a\u00e7\u0131klamas\u0131nda; Kabun ve Do\u011fu \u011euta b\u00f6lgelerinde siperlenen ve belli ba\u015fl\u0131 devletlerden komuta alan ter\u00f6ristlerin ba\u015fkent \u015eam\u2019\u0131n sivil yerle\u015fim alanlar\u0131ndan Adevi B\u00f6lgesini f\u00fczelerle hedef ald\u0131klar\u0131n\u0131 belirtti. Kaynak k\u00f6r ve gaddar &hellip;<\/p>\n","protected":false},"author":1,"featured_media":106293,"comment_status":"closed","ping_status":"closed","sticky":false,"template":"","format":"standard","meta":{"footnotes":""},"categories":[479,575,17988,478],"tags":[3464,18576,18577,17274,17273,2318,18347,18674,18174,11549,19043,23806,22182,19034],"class_list":["post-106292","post","type-post","status-publish","format-standard","has-post-thumbnail","","category-haberler-yerel","category-olaylar-ve-gercekler","category-son-haberler","category-yerel","tag-nusra-cephesi","tag-daes","tag-deas","tag-fuze-saldirisi","tag-havan-saldirisi","tag-isid","tag-oso","tag-silahli-muhalifler","tag-sivillere-saldiri","tag-suriye-ordusu","tag-suriyede-son-durum","tag-suriyede-insani-durum","tag-suriyede-savas","tag-suriyeli-muhalifler"],"_links":{"self":[{"href":"https:\/\/archive.sana.sy\/tr\/index.php?rest_route=\/wp\/v2\/posts\/106292","targetHints":{"allow":["GET"]}}],"collection":[{"href":"https:\/\/archive.sana.sy\/tr\/index.php?rest_route=\/wp\/v2\/posts"}],"about":[{"href":"https:\/\/archive.sana.sy\/tr\/index.php?rest_route=\/wp\/v2\/types\/post"}],"author":[{"embeddable":true,"href":"https:\/\/archive.sana.sy\/tr\/index.php?rest_route=\/wp\/v2\/users\/1"}],"replies":[{"embeddable":true,"href":"https:\/\/archive.sana.sy\/tr\/index.php?rest_route=%2Fwp%2Fv2%2Fcomments&post=106292"}],"version-history":[{"count":0,"href":"https:\/\/archive.sana.sy\/tr\/index.php?rest_route=\/wp\/v2\/posts\/106292\/revisions"}],"wp:featuredmedia":[{"embeddable":true,"href":"https:\/\/archive.sana.sy\/tr\/index.php?rest_route=\/wp\/v2\/media\/106293"}],"wp:attachment":[{"href":"https:\/\/archive.sana.sy\/tr\/index.php?rest_route=%2Fwp%2Fv2%2Fmedia&parent=106292"}],"wp:term":[{"taxonomy":"category","embeddable":true,"href":"https:\/\/archive.sana.sy\/tr\/index.php?rest_route=%2Fwp%2Fv2%2Fcategories&post=106292"},{"taxonomy":"post_tag","embeddable":true,"href":"https:\/\/archive.sana.sy\/tr\/index.php?rest_route=%2Fwp%2Fv2%2Ftags&post=106292"}],"curies":[{"name":"wp","href":"https:\/\/api.w.org\/{rel}","templated":true}]}}