{"id":106295,"date":"2017-02-28T13:10:51","date_gmt":"2017-02-28T11:10:51","guid":{"rendered":"http:\/\/www.sana.sy\/tr\/?p=106295"},"modified":"2017-02-28T13:17:05","modified_gmt":"2017-02-28T11:17:05","slug":"bm-gozetimi-altinda-cenevrede-yapilan-suriyeliler-arasi-dolayli-diyalog-gorusmelerinin-dorduncu-turunda-bessar-el-caferi-baskanligindaki-suriye-hukumeti-heyeti-rusya-disisleri-bakan-yardimcisi-genna","status":"publish","type":"post","link":"https:\/\/archive.sana.sy\/tr\/?p=106295","title":{"rendered":"BM g\u00f6zetimi alt\u0131nda Cenevre&#8217;de yap\u0131lan Suriyeliler aras\u0131 dolayl\u0131 diyalog g\u00f6r\u00fc\u015fmelerinin d\u00f6rd\u00fcnc\u00fc turunda Be\u015f\u015far el Caferi ba\u015fkanl\u0131\u011f\u0131ndaki Suriye h\u00fck\u00fcmeti heyeti Rusya D\u0131\u015fi\u015fleri Bakan Yard\u0131mc\u0131s\u0131 Gennady Gatilov ile bir araya geldi"},"content":{"rendered":"<p>BM g\u00f6zetimi alt\u0131nda Cenevre&#8217;de yap\u0131lan Suriyeliler aras\u0131 dolayl\u0131 diyalog g\u00f6r\u00fc\u015fmelerinin d\u00f6rd\u00fcnc\u00fc turunda Be\u015f\u015far el Caferi ba\u015fkanl\u0131\u011f\u0131ndaki Suriye h\u00fck\u00fcmeti heyeti Rusya D\u0131\u015fi\u015fleri Bakan Yard\u0131mc\u0131s\u0131 Gennady Gatilov ile bir araya geldi<\/p>\n","protected":false},"excerpt":{"rendered":"<p>BM g\u00f6zetimi alt\u0131nda Cenevre&#8217;de yap\u0131lan Suriyeliler aras\u0131 dolayl\u0131 diyalog g\u00f6r\u00fc\u015fmelerinin d\u00f6rd\u00fcnc\u00fc turunda Be\u015f\u015far el Caferi ba\u015fkanl\u0131\u011f\u0131ndaki Suriye h\u00fck\u00fcmeti heyeti Rusya D\u0131\u015fi\u015fleri Bakan Yard\u0131mc\u0131s\u0131 Gennady Gatilov ile bir araya geldi<\/p>\n","protected":false},"author":1,"featured_media":0,"comment_status":"closed","ping_status":"closed","sticky":false,"template":"","format":"standard","meta":{"footnotes":""},"categories":[17991],"tags":[],"class_list":["post-106295","post","type-post","status-publish","format-standard","","category-son-dakika"],"_links":{"self":[{"href":"https:\/\/archive.sana.sy\/tr\/index.php?rest_route=\/wp\/v2\/posts\/106295","targetHints":{"allow":["GET"]}}],"collection":[{"href":"https:\/\/archive.sana.sy\/tr\/index.php?rest_route=\/wp\/v2\/posts"}],"about":[{"href":"https:\/\/archive.sana.sy\/tr\/index.php?rest_route=\/wp\/v2\/types\/post"}],"author":[{"embeddable":true,"href":"https:\/\/archive.sana.sy\/tr\/index.php?rest_route=\/wp\/v2\/users\/1"}],"replies":[{"embeddable":true,"href":"https:\/\/archive.sana.sy\/tr\/index.php?rest_route=%2Fwp%2Fv2%2Fcomments&post=106295"}],"version-history":[{"count":0,"href":"https:\/\/archive.sana.sy\/tr\/index.php?rest_route=\/wp\/v2\/posts\/106295\/revisions"}],"wp:attachment":[{"href":"https:\/\/archive.sana.sy\/tr\/index.php?rest_route=%2Fwp%2Fv2%2Fmedia&parent=106295"}],"wp:term":[{"taxonomy":"category","embeddable":true,"href":"https:\/\/archive.sana.sy\/tr\/index.php?rest_route=%2Fwp%2Fv2%2Fcategories&post=106295"},{"taxonomy":"post_tag","embeddable":true,"href":"https:\/\/archive.sana.sy\/tr\/index.php?rest_route=%2Fwp%2Fv2%2Ftags&post=106295"}],"curies":[{"name":"wp","href":"https:\/\/api.w.org\/{rel}","templated":true}]}}