{"id":106297,"date":"2017-02-28T13:13:55","date_gmt":"2017-02-28T11:13:55","guid":{"rendered":"http:\/\/www.sana.sy\/tr\/?p=106297"},"modified":"2017-02-28T13:21:01","modified_gmt":"2017-02-28T11:21:01","slug":"suriye-heyeti-ile-ve-gatilov-arasinda-cenevrede-yapilan-toplantida-suriyedeki-krize-sizyasi-cozumun-saglanmasi-gorusmelerinde-temel-onceligin-terorle-mucadele-olmasi-gereginde-tam-bir-gorus-birli","status":"publish","type":"post","link":"https:\/\/archive.sana.sy\/tr\/?p=106297","title":{"rendered":"Suriye heyeti ile ve Gatilov aras\u0131nda Cenevre&#8217;de yap\u0131lan toplant\u0131da; Suriye&#8217;deki krize sizyasi \u00e7\u00f6z\u00fcm\u00fcn sa\u011flanmas\u0131 g\u00f6r\u00fc\u015fmelerinde temel \u00f6nceli\u011fin ter\u00f6rle m\u00fccadele olmas\u0131 gere\u011finde tam bir g\u00f6r\u00fc\u015f birli\u011fi kaydedildi"},"content":{"rendered":"<p>Suriye heyeti ile ve Gatilov aras\u0131nda Cenevre&#8217;de yap\u0131lan toplant\u0131da; Suriye&#8217;deki krize sizyasi \u00e7\u00f6z\u00fcm\u00fcn sa\u011flanmas\u0131 g\u00f6r\u00fc\u015fmelerinde temel \u00f6nceli\u011fin ter\u00f6rle m\u00fccadele olmas\u0131 gere\u011finde tam bir g\u00f6r\u00fc\u015f birli\u011fi kaydedildi<\/p>\n","protected":false},"excerpt":{"rendered":"<p>Suriye heyeti ile ve Gatilov aras\u0131nda Cenevre&#8217;de yap\u0131lan toplant\u0131da; Suriye&#8217;deki krize sizyasi \u00e7\u00f6z\u00fcm\u00fcn sa\u011flanmas\u0131 g\u00f6r\u00fc\u015fmelerinde temel \u00f6nceli\u011fin ter\u00f6rle m\u00fccadele olmas\u0131 gere\u011finde tam bir g\u00f6r\u00fc\u015f birli\u011fi kaydedildi<\/p>\n","protected":false},"author":1,"featured_media":0,"comment_status":"closed","ping_status":"closed","sticky":false,"template":"","format":"standard","meta":{"footnotes":""},"categories":[17991],"tags":[],"class_list":["post-106297","post","type-post","status-publish","format-standard","","category-son-dakika"],"_links":{"self":[{"href":"https:\/\/archive.sana.sy\/tr\/index.php?rest_route=\/wp\/v2\/posts\/106297","targetHints":{"allow":["GET"]}}],"collection":[{"href":"https:\/\/archive.sana.sy\/tr\/index.php?rest_route=\/wp\/v2\/posts"}],"about":[{"href":"https:\/\/archive.sana.sy\/tr\/index.php?rest_route=\/wp\/v2\/types\/post"}],"author":[{"embeddable":true,"href":"https:\/\/archive.sana.sy\/tr\/index.php?rest_route=\/wp\/v2\/users\/1"}],"replies":[{"embeddable":true,"href":"https:\/\/archive.sana.sy\/tr\/index.php?rest_route=%2Fwp%2Fv2%2Fcomments&post=106297"}],"version-history":[{"count":0,"href":"https:\/\/archive.sana.sy\/tr\/index.php?rest_route=\/wp\/v2\/posts\/106297\/revisions"}],"wp:attachment":[{"href":"https:\/\/archive.sana.sy\/tr\/index.php?rest_route=%2Fwp%2Fv2%2Fmedia&parent=106297"}],"wp:term":[{"taxonomy":"category","embeddable":true,"href":"https:\/\/archive.sana.sy\/tr\/index.php?rest_route=%2Fwp%2Fv2%2Fcategories&post=106297"},{"taxonomy":"post_tag","embeddable":true,"href":"https:\/\/archive.sana.sy\/tr\/index.php?rest_route=%2Fwp%2Fv2%2Ftags&post=106297"}],"curies":[{"name":"wp","href":"https:\/\/api.w.org\/{rel}","templated":true}]}}