{"id":106299,"date":"2017-02-28T13:24:54","date_gmt":"2017-02-28T11:24:54","guid":{"rendered":"http:\/\/www.sana.sy\/tr\/?p=106299"},"modified":"2017-03-02T15:35:44","modified_gmt":"2017-03-02T13:35:44","slug":"temel-oncelik-konusunda-gorus-birligi-kaydedildi","status":"publish","type":"post","link":"https:\/\/archive.sana.sy\/tr\/?p=106299","title":{"rendered":"Temel \u00d6ncelik Konusunda G\u00f6r\u00fc\u015f Birli\u011fi Kaydedildi"},"content":{"rendered":"<p>CENEVRE \u2013 BM g\u00f6zetimi alt\u0131nda Cenevre&#8217;de yap\u0131lan Suriyeliler aras\u0131 dolayl\u0131 diyalog g\u00f6r\u00fc\u015fmelerinin d\u00f6rd\u00fcnc\u00fc turunda Be\u015f\u015far el Caferi ba\u015fkanl\u0131\u011f\u0131ndaki Suriye h\u00fck\u00fcmeti heyeti Rusya D\u0131\u015fi\u015fleri Bakan Yard\u0131mc\u0131s\u0131 Gennady Gatilov ile bir araya geldi.<\/p>\n<p>Suriye heyeti ile ve Gatilov aras\u0131nda Cenevre&#8217;de yap\u0131lan toplant\u0131da; Suriye&#8217;deki krize sizyasi \u00e7\u00f6z\u00fcm\u00fcn sa\u011flanmas\u0131 g\u00f6r\u00fc\u015fmelerinde temel \u00f6nceli\u011fin ter\u00f6rle m\u00fccadele olmas\u0131 gere\u011finde tam bir g\u00f6r\u00fc\u015f birli\u011fi kaydedildi.<\/p>\n<p>Caferi ba\u015fkanl\u0131\u011f\u0131ndaki Suriye heyetinin g\u00fcn\u00fcn ilerleyen saatlerinde BM Suriye \u00f6zel temsilcisi Staffan de Mistura ile BM binas\u0131nda bir toplant\u0131 d\u00fczenlemesi bekleniyor.<\/p>\n","protected":false},"excerpt":{"rendered":"<p>CENEVRE \u2013 BM g\u00f6zetimi alt\u0131nda Cenevre&#8217;de yap\u0131lan Suriyeliler aras\u0131 dolayl\u0131 diyalog g\u00f6r\u00fc\u015fmelerinin d\u00f6rd\u00fcnc\u00fc turunda Be\u015f\u015far el Caferi ba\u015fkanl\u0131\u011f\u0131ndaki Suriye h\u00fck\u00fcmeti heyeti Rusya D\u0131\u015fi\u015fleri Bakan Yard\u0131mc\u0131s\u0131 Gennady Gatilov ile bir araya geldi. Suriye heyeti ile ve Gatilov aras\u0131nda Cenevre&#8217;de yap\u0131lan toplant\u0131da; Suriye&#8217;deki krize sizyasi \u00e7\u00f6z\u00fcm\u00fcn sa\u011flanmas\u0131 g\u00f6r\u00fc\u015fmelerinde temel \u00f6nceli\u011fin ter\u00f6rle m\u00fccadele olmas\u0131 gere\u011finde tam bir g\u00f6r\u00fc\u015f &hellip;<\/p>\n","protected":false},"author":1,"featured_media":106315,"comment_status":"closed","ping_status":"closed","sticky":false,"template":"","format":"standard","meta":{"footnotes":""},"categories":[458,459,17988],"tags":[20035,18867,18473,18711,28029,18472,27672,24800,28030],"class_list":["post-106299","post","type-post","status-publish","format-standard","has-post-thumbnail","","category-dunya1","category-haberler-arap-uluslararasi-politika","category-son-haberler","tag-baris-gorusmeleri","tag-bessar-el-caferi","tag-cenevre-gorusmeleri","tag-gennady-gatilov","tag-rusya-disisleri-bakna-yardimcisi","tag-staffan-de-mistura","tag-suriye-hukumeti-heyeti","tag-suriyedeki-krize-cozum-gorusmeleri","tag-suriyeliler-arasi-baris-gorusmeleri"],"_links":{"self":[{"href":"https:\/\/archive.sana.sy\/tr\/index.php?rest_route=\/wp\/v2\/posts\/106299","targetHints":{"allow":["GET"]}}],"collection":[{"href":"https:\/\/archive.sana.sy\/tr\/index.php?rest_route=\/wp\/v2\/posts"}],"about":[{"href":"https:\/\/archive.sana.sy\/tr\/index.php?rest_route=\/wp\/v2\/types\/post"}],"author":[{"embeddable":true,"href":"https:\/\/archive.sana.sy\/tr\/index.php?rest_route=\/wp\/v2\/users\/1"}],"replies":[{"embeddable":true,"href":"https:\/\/archive.sana.sy\/tr\/index.php?rest_route=%2Fwp%2Fv2%2Fcomments&post=106299"}],"version-history":[{"count":0,"href":"https:\/\/archive.sana.sy\/tr\/index.php?rest_route=\/wp\/v2\/posts\/106299\/revisions"}],"wp:featuredmedia":[{"embeddable":true,"href":"https:\/\/archive.sana.sy\/tr\/index.php?rest_route=\/wp\/v2\/media\/106315"}],"wp:attachment":[{"href":"https:\/\/archive.sana.sy\/tr\/index.php?rest_route=%2Fwp%2Fv2%2Fmedia&parent=106299"}],"wp:term":[{"taxonomy":"category","embeddable":true,"href":"https:\/\/archive.sana.sy\/tr\/index.php?rest_route=%2Fwp%2Fv2%2Fcategories&post=106299"},{"taxonomy":"post_tag","embeddable":true,"href":"https:\/\/archive.sana.sy\/tr\/index.php?rest_route=%2Fwp%2Fv2%2Ftags&post=106299"}],"curies":[{"name":"wp","href":"https:\/\/api.w.org\/{rel}","templated":true}]}}