{"id":106301,"date":"2017-02-28T13:00:39","date_gmt":"2017-02-28T11:00:39","guid":{"rendered":"http:\/\/www.sana.sy\/tr\/?p=106301"},"modified":"2017-03-02T15:36:37","modified_gmt":"2017-03-02T13:36:37","slug":"isid-yuksek-yapilari-havaya-ucuruyor","status":"publish","type":"post","link":"https:\/\/archive.sana.sy\/tr\/?p=106301","title":{"rendered":"I\u015e\u0130D Y\u00fcksek Yap\u0131lar\u0131 Havaya U\u00e7uruyor"},"content":{"rendered":"<p>DEYREZZOR \u2013 Deyrezzor k\u0131rsal\u0131nda yerel kaynaklar, I\u015e\u0130D ter\u00f6r \u00f6rg\u00fct\u00fcn\u00fcn il k\u0131rsal\u0131n\u0131n kuzeybat\u0131s\u0131nda yer alan Cezra, Albuhamid, Miylac ve Harmu\u015fa b\u00f6lgelerinde \u00f6zel ve kamu y\u00fcksek yap\u0131lar\u0131 havaya u\u00e7urmaya \u00e7al\u0131\u015ft\u0131klar\u0131n\u0131 belirtti.<\/p>\n<p>Kaynaklar SANA\u2019n\u0131n Deyrezzor muhabirine yapt\u0131klar\u0131 a\u00e7\u0131klamalarda, radikal ter\u00f6r \u00f6rg\u00fct\u00fcn\u00fcn s\u00f6z konusu b\u00f6lgelerde \u00f6zellikle su depolar\u0131 ba\u015fta olmak \u00fczere y\u00fcksek olan t\u00fcm yap\u0131 ve binalar\u0131 havaya u\u00e7urmaya \u00e7al\u0131\u015ft\u0131\u011f\u0131n\u0131 aktard\u0131.<\/p>\n","protected":false},"excerpt":{"rendered":"<p>DEYREZZOR \u2013 Deyrezzor k\u0131rsal\u0131nda yerel kaynaklar, I\u015e\u0130D ter\u00f6r \u00f6rg\u00fct\u00fcn\u00fcn il k\u0131rsal\u0131n\u0131n kuzeybat\u0131s\u0131nda yer alan Cezra, Albuhamid, Miylac ve Harmu\u015fa b\u00f6lgelerinde \u00f6zel ve kamu y\u00fcksek yap\u0131lar\u0131 havaya u\u00e7urmaya \u00e7al\u0131\u015ft\u0131klar\u0131n\u0131 belirtti. Kaynaklar SANA\u2019n\u0131n Deyrezzor muhabirine yapt\u0131klar\u0131 a\u00e7\u0131klamalarda, radikal ter\u00f6r \u00f6rg\u00fct\u00fcn\u00fcn s\u00f6z konusu b\u00f6lgelerde \u00f6zellikle su depolar\u0131 ba\u015fta olmak \u00fczere y\u00fcksek olan t\u00fcm yap\u0131 ve binalar\u0131 havaya u\u00e7urmaya &hellip;<\/p>\n","protected":false},"author":1,"featured_media":106302,"comment_status":"closed","ping_status":"closed","sticky":false,"template":"","format":"standard","meta":{"footnotes":""},"categories":[479,575,17988,478],"tags":[18237,18576,18577,24032,2567,2318,28031,11549],"class_list":["post-106301","post","type-post","status-publish","format-standard","has-post-thumbnail","","category-haberler-yerel","category-olaylar-ve-gercekler","category-son-haberler","category-yerel","tag-cihatcilar","tag-daes","tag-deas","tag-deyrezzor-kirsali","tag-havaya-ucurdu","tag-isid","tag-su-depaolari","tag-suriye-ordusu"],"_links":{"self":[{"href":"https:\/\/archive.sana.sy\/tr\/index.php?rest_route=\/wp\/v2\/posts\/106301","targetHints":{"allow":["GET"]}}],"collection":[{"href":"https:\/\/archive.sana.sy\/tr\/index.php?rest_route=\/wp\/v2\/posts"}],"about":[{"href":"https:\/\/archive.sana.sy\/tr\/index.php?rest_route=\/wp\/v2\/types\/post"}],"author":[{"embeddable":true,"href":"https:\/\/archive.sana.sy\/tr\/index.php?rest_route=\/wp\/v2\/users\/1"}],"replies":[{"embeddable":true,"href":"https:\/\/archive.sana.sy\/tr\/index.php?rest_route=%2Fwp%2Fv2%2Fcomments&post=106301"}],"version-history":[{"count":0,"href":"https:\/\/archive.sana.sy\/tr\/index.php?rest_route=\/wp\/v2\/posts\/106301\/revisions"}],"wp:featuredmedia":[{"embeddable":true,"href":"https:\/\/archive.sana.sy\/tr\/index.php?rest_route=\/wp\/v2\/media\/106302"}],"wp:attachment":[{"href":"https:\/\/archive.sana.sy\/tr\/index.php?rest_route=%2Fwp%2Fv2%2Fmedia&parent=106301"}],"wp:term":[{"taxonomy":"category","embeddable":true,"href":"https:\/\/archive.sana.sy\/tr\/index.php?rest_route=%2Fwp%2Fv2%2Fcategories&post=106301"},{"taxonomy":"post_tag","embeddable":true,"href":"https:\/\/archive.sana.sy\/tr\/index.php?rest_route=%2Fwp%2Fv2%2Ftags&post=106301"}],"curies":[{"name":"wp","href":"https:\/\/api.w.org\/{rel}","templated":true}]}}