{"id":106305,"date":"2017-02-28T14:40:44","date_gmt":"2017-02-28T12:40:44","guid":{"rendered":"http:\/\/www.sana.sy\/tr\/?p=106305"},"modified":"2017-03-01T13:10:44","modified_gmt":"2017-03-01T11:10:44","slug":"isid-ve-nusra-cephesine-karsi-operasyonlar-devam-ediyor","status":"publish","type":"post","link":"https:\/\/archive.sana.sy\/tr\/?p=106305","title":{"rendered":"I\u015e\u0130D ve Nusra Cephesine Kar\u015f\u0131 Operasyonlar Devam Ediyor"},"content":{"rendered":"<p>\u0130LLER \u2013 Suriye ve halk\u0131na d\u00fc\u015fman rejimlerin destek ve komutas\u0131nda vah\u015fetini s\u00fcrd\u00fcren Nusra Cephesi ve I\u015e\u0130D\u2019e kar\u015f\u0131 askeri operasyonlar\u0131n\u0131 dakik ve ba\u015far\u0131yla s\u00fcrd\u00fcren ordu birliklerimiz bug\u00fcn bu \u00e7eteleri yine ciddi kay\u0131plara u\u011fratt\u0131lar.<\/p>\n<p><span style=\"color: #0000ff\">DEYREZZOR:<\/span><\/p>\n<p>Askeri kaynak Deyrezzor Kentinin g\u00fcney ekseni Temin T\u00fcmeni civar\u0131nda I\u015e\u0130D\u2019li bir ter\u00f6r grubunun yo\u011fun ate\u015fe tutuldu\u011funu belirtti. Kaynak operasyonda ter\u00f6r grubu \u00fcyelerinin b\u00fcy\u00fck \u00e7o\u011funlu\u011funun silah ve ara\u00e7lar\u0131yla yok edildiklerini ifade etti.<\/p>\n<p>G\u00fcn\u00fcn ilerleyen saatlerinde a\u00e7\u0131klama yapan askeri kaynak hava g\u00fc\u00e7lerimizin bug\u00fcn \u00f6\u011fleden sonra Rakka \u0130linden Deyrezzor istikametinde seyri eden I\u015e\u0130D\u2019li ara\u00e7 konvoylar\u0131n\u0131 imha ettiklerini belirtti.<\/p>\n<p>Kaynak bir k\u0131sm\u0131 a\u011f\u0131r silahlarla donat\u0131lan, bir k\u0131sm\u0131 da ter\u00f6rist ve cephane ta\u015f\u0131yan \u00e7ok say\u0131da arac\u0131n y\u00fckleriyle imha edildi\u011fini belirtirken, aralar\u0131nda bariz isimlerin bulundu\u011fu olduk\u00e7a y\u00fcksek say\u0131da ter\u00f6ristin \u00f6ld\u00fcr\u00fcld\u00fc\u011f\u00fcn\u00fc vurgulad\u0131.<\/p>\n<p>Hava g\u00fc\u00e7lerimizin Deyrezzor k\u0131rsal\u0131n\u0131n do\u011fusu Hatla Beldesinin g\u00fcneybat\u0131s\u0131nda I\u015e\u0130D\u2019in bir ara\u00e7 konvoyunu imha ettiklerini belirten kaynak, radikal ter\u00f6ristlerin burada da say\u0131, ara\u00e7 ve cephaneleriyle ciddi kay\u0131plara u\u011frat\u0131ld\u0131klar\u0131n\u0131 aktard\u0131.<\/p>\n<p><span style=\"color: #0000ff\">\u0130DL\u0130B:<\/span><\/p>\n<p>Ordu birliklerimizin \u0130dlib Kentinin yakla\u015f\u0131k 45 km g\u00fcneyinde yer alan Muarrat el Numan B\u00f6lgesinde yer alan Deyr \u015earki Beldesinde Erdo\u011fan ve Al Suud rejimlerine tabi Nusra Cephesinin bir ana karargah\u0131na kar\u015f\u0131 nitelikli operasyon d\u00fczenlediklerini belirten askeri kaynak; operasyonda 10 ter\u00f6ristin \u00f6ld\u00fcr\u00fcld\u00fc\u011f\u00fcn\u00fc, a\u011f\u0131r 2 ara\u00e7lar\u0131n\u0131n da imha edildi\u011fini aktard\u0131.<\/p>\n<p>Kaynak hava g\u00fc\u00e7lerimizin \u0130dlib k\u0131rsal\u0131 Temania Beldesinde yine Nusra Cephesine ait bir cephane deposunu muhtevalar\u0131yla imha ettiklerini belirtirken, b\u00fcy\u00fck miktarda silah ve m\u00fchimmat\u0131n yan\u0131 s\u0131ra aralar\u0131nda tehlikeli isimlerin bulundu\u011fu \u00e7ok say\u0131da ter\u00f6ristin \u00f6ld\u00fcr\u00fcld\u00fcklerinin tespit edildi\u011fini kaydetti.<\/p>\n<p>Vatan koruyucular\u0131m\u0131z\u0131n \u0130dlib k\u0131rsal\u0131n\u0131n \u015eah\u015fabho Da\u011f\u0131na ilaveten Rekayet Secna, Termela ve Mear Herma beldelerinde Nusra Cephesi ve ona tabi ter\u00f6r gruplar\u0131n\u0131n karargah ve hareketlenmelerini hedef ald\u0131klar\u0131n\u0131 ifade eden askeri kaynak, buralarda da ara\u00e7 ve karargahlarla birlikte \u00e7ok say\u0131da ter\u00f6ristin etkisiz hale getirildi\u011fini kaydetti.<\/p>\n<p>Kaynak \u0130dlib Kentinin yakla\u015f\u0131k 12 km g\u00fcneyinde bulunan Ariha Kentinde de ordu birliklerimizin Nusra Cephesine tabi bir karargah\u0131 imha ederek en az 7 ter\u00f6risti \u00f6l\u00fc, bir\u00e7ok ter\u00f6risti de yaral\u0131 d\u00fc\u015f\u00fcrd\u00fcklerini aktard\u0131.<\/p>\n<p><span style=\"color: #0000ff\">HAMA:<\/span><\/p>\n<p>Askeri kaynak ordu birliklerimizin Hama k\u0131rsal\u0131n\u0131n kuzeyinde ise yine Erdo\u011fan ve Al Suud rejimlerine tabi radikal ter\u00f6r \u00f6rg\u00fctlerinden \u2018\u0130zze Toplulu\u011fu\u2019 adl\u0131 ter\u00f6ristlere ait bir arac\u0131 ta\u015f\u0131d\u0131\u011f\u0131 cephane ve ter\u00f6ristlerle birlikte imha ettiklerini belirtti.<\/p>\n<p>Ordu birliklerimizin son 24 saat i\u00e7inde Hama k\u0131rsal\u0131n\u0131n T\u0131ybat el \u0130mam ve Morik b\u00f6lgelerinde Nusra Cephesi \u00e7etelerine kar\u015f\u0131 operasyonlar d\u00fczenlediklerini belirten askeri kaynak, bu operasyonlarda radikal ter\u00f6ristlerin say\u0131 ve ara\u00e7lar\u0131yla b\u00fcy\u00fck kay\u0131plara u\u011frat\u0131ld\u0131klar\u0131n\u0131 ifade etti.<\/p>\n<p><span style=\"color: #0000ff\">HOMS:<\/span><\/p>\n<p>Bu arada askeri bir kaynak; Homs \u0130linin do\u011fu k\u0131rsal\u0131n\u0131n tamam\u0131n\u0131n I\u015e\u0130D ter\u00f6r \u00f6rg\u00fct\u00fcnden kurtar\u0131lmas\u0131 amac\u0131yla hava g\u00fc\u00e7lerimizin Tedmur Kentinin bat\u0131 k\u0131rsal\u0131nda I\u015e\u0130D mevkileri ve hareketlenmelerine ili\u015fkin operasyonlar\u0131n\u0131 yo\u011funla\u015ft\u0131rd\u0131klar\u0131n\u0131 belirtti.<\/p>\n<p>Kaynak Tar Da\u011f\u0131 ve Tedmur Kentinin civarlar\u0131nda d\u00fczenlenen onlarca hava operasyonlar\u0131nda aralar\u0131nda bariz isimlerin bulundu\u011fu y\u00fcksek say\u0131da tekfirci ter\u00f6ristle birlikte biri bombal\u0131 olan bir\u00e7ok arac\u0131n imha edildi\u011fini ifade etti.<\/p>\n<p>Ordu birliklerimizin yine Homs \u0130linin do\u011fusunda yer alan Cub el Cerrah B\u00f6lgesinin do\u011fusunda I\u015e\u0130D karargahlar\u0131n\u0131 yo\u011fun top ate\u015fine tuttuklar\u0131n\u0131 belirten kaynak, aralar\u0131nda \u2018I\u015e\u0130D\u2019in Homs \u0130linin do\u011fu k\u0131rsal\u0131 Emiri\u2019 olarak bilinen az\u0131l\u0131 ter\u00f6r eleba\u015f\u0131 \u015eahir el Hasan\u2019\u0131n aralar\u0131nda bulundu\u011fu 6 ter\u00f6ristin \u00f6l\u00fc, bir\u00e7ok ter\u00f6ristin de yaral\u0131 d\u00fc\u015f\u00fcr\u00fcld\u00fc\u011f\u00fcne dikkat \u00e7ekti.<\/p>\n<p>Cub el Cerrah B\u00f6lgesinin do\u011fu k\u0131rsal\u0131nda yer alan I\u015e\u0130D\u2019li radikal ter\u00f6r \u00e7eteleri, civardaki yerle\u015fim alanlar\u0131n\u0131 kolay bir \u015fekilde ele ge\u00e7irme ve vatanda\u015flar\u0131n m\u00fclklerini gasp etme amac\u0131yla vatanda\u015flar\u0131 ve evleri geli\u015fig\u00fczel f\u00fcze sald\u0131r\u0131lar\u0131yla hedef almaktalar.<\/p>\n","protected":false},"excerpt":{"rendered":"<p>\u0130LLER \u2013 Suriye ve halk\u0131na d\u00fc\u015fman rejimlerin destek ve komutas\u0131nda vah\u015fetini s\u00fcrd\u00fcren Nusra Cephesi ve I\u015e\u0130D\u2019e kar\u015f\u0131 askeri operasyonlar\u0131n\u0131 dakik ve ba\u015far\u0131yla s\u00fcrd\u00fcren ordu birliklerimiz bug\u00fcn bu \u00e7eteleri yine ciddi kay\u0131plara u\u011fratt\u0131lar. DEYREZZOR: Askeri kaynak Deyrezzor Kentinin g\u00fcney ekseni Temin T\u00fcmeni civar\u0131nda I\u015e\u0130D\u2019li bir ter\u00f6r grubunun yo\u011fun ate\u015fe tutuldu\u011funu belirtti. Kaynak operasyonda ter\u00f6r grubu \u00fcyelerinin &hellip;<\/p>\n","protected":false},"author":1,"featured_media":106306,"comment_status":"closed","ping_status":"closed","sticky":false,"template":"","format":"standard","meta":{"footnotes":""},"categories":[479,575,17988,478],"tags":[3464,18237,24003,18347,18674,11549,19043,22182,19325,19034,4076],"class_list":["post-106305","post","type-post","status-publish","format-standard","has-post-thumbnail","","category-haberler-yerel","category-olaylar-ve-gercekler","category-son-haberler","category-yerel","tag-nusra-cephesi","tag-cihatcilar","tag-fetih-el-sam","tag-oso","tag-silahli-muhalifler","tag-suriye-ordusu","tag-suriyede-son-durum","tag-suriyede-savas","tag-suriyeli-devrimciler","tag-suriyeli-muhalifler","tag-terorle-mucadele"],"_links":{"self":[{"href":"https:\/\/archive.sana.sy\/tr\/index.php?rest_route=\/wp\/v2\/posts\/106305","targetHints":{"allow":["GET"]}}],"collection":[{"href":"https:\/\/archive.sana.sy\/tr\/index.php?rest_route=\/wp\/v2\/posts"}],"about":[{"href":"https:\/\/archive.sana.sy\/tr\/index.php?rest_route=\/wp\/v2\/types\/post"}],"author":[{"embeddable":true,"href":"https:\/\/archive.sana.sy\/tr\/index.php?rest_route=\/wp\/v2\/users\/1"}],"replies":[{"embeddable":true,"href":"https:\/\/archive.sana.sy\/tr\/index.php?rest_route=%2Fwp%2Fv2%2Fcomments&post=106305"}],"version-history":[{"count":0,"href":"https:\/\/archive.sana.sy\/tr\/index.php?rest_route=\/wp\/v2\/posts\/106305\/revisions"}],"wp:featuredmedia":[{"embeddable":true,"href":"https:\/\/archive.sana.sy\/tr\/index.php?rest_route=\/wp\/v2\/media\/106306"}],"wp:attachment":[{"href":"https:\/\/archive.sana.sy\/tr\/index.php?rest_route=%2Fwp%2Fv2%2Fmedia&parent=106305"}],"wp:term":[{"taxonomy":"category","embeddable":true,"href":"https:\/\/archive.sana.sy\/tr\/index.php?rest_route=%2Fwp%2Fv2%2Fcategories&post=106305"},{"taxonomy":"post_tag","embeddable":true,"href":"https:\/\/archive.sana.sy\/tr\/index.php?rest_route=%2Fwp%2Fv2%2Ftags&post=106305"}],"curies":[{"name":"wp","href":"https:\/\/api.w.org\/{rel}","templated":true}]}}