{"id":106321,"date":"2017-02-28T16:05:51","date_gmt":"2017-02-28T14:05:51","guid":{"rendered":"http:\/\/www.sana.sy\/tr\/?p=106321"},"modified":"2017-02-28T16:12:11","modified_gmt":"2017-02-28T14:12:11","slug":"bm-gozetimi-altinda-cenevrede-yapilan-suriyeliler-arasi-diyalog-gorusmelerinin-dorduncu-turunda-bessar-el-caferi-baskanligindaki-suriye-hukumet-heyeti-bm-suriye-ozel-temsilcisi-staffan-de-mistura-i","status":"publish","type":"post","link":"https:\/\/archive.sana.sy\/tr\/?p=106321","title":{"rendered":"BM g\u00f6zetimi alt\u0131nda Cenevre&#8217;de yap\u0131lan Suriyeliler aras\u0131 diyalog g\u00f6r\u00fc\u015fmelerinin d\u00f6rd\u00fcnc\u00fc turunda Be\u015f\u015far el Caferi ba\u015fkanl\u0131\u011f\u0131ndaki Suriye h\u00fck\u00fcmet heyeti, BM Suriye \u00f6zel temsilcisi Staffan de Mistura ile g\u00f6r\u00fc\u015fmek i\u00e7in BM binas\u0131na ula\u015ft\u0131"},"content":{"rendered":"<p>BM g\u00f6zetimi alt\u0131nda Cenevre&#8217;de yap\u0131lan Suriyeliler aras\u0131 diyalog g\u00f6r\u00fc\u015fmelerinin d\u00f6rd\u00fcnc\u00fc turunda Be\u015f\u015far el Caferi ba\u015fkanl\u0131\u011f\u0131ndaki Suriye h\u00fck\u00fcmet heyeti, BM Suriye \u00f6zel temsilcisi Staffan de Mistura ile g\u00f6r\u00fc\u015fmek i\u00e7in BM binas\u0131na ula\u015ft\u0131<\/p>\n","protected":false},"excerpt":{"rendered":"<p>BM g\u00f6zetimi alt\u0131nda Cenevre&#8217;de yap\u0131lan Suriyeliler aras\u0131 diyalog g\u00f6r\u00fc\u015fmelerinin d\u00f6rd\u00fcnc\u00fc turunda Be\u015f\u015far el Caferi ba\u015fkanl\u0131\u011f\u0131ndaki Suriye h\u00fck\u00fcmet heyeti, BM Suriye \u00f6zel temsilcisi Staffan de Mistura ile g\u00f6r\u00fc\u015fmek i\u00e7in BM binas\u0131na ula\u015ft\u0131<\/p>\n","protected":false},"author":1,"featured_media":0,"comment_status":"closed","ping_status":"closed","sticky":false,"template":"","format":"standard","meta":{"footnotes":""},"categories":[17991],"tags":[],"class_list":["post-106321","post","type-post","status-publish","format-standard","","category-son-dakika"],"_links":{"self":[{"href":"https:\/\/archive.sana.sy\/tr\/index.php?rest_route=\/wp\/v2\/posts\/106321","targetHints":{"allow":["GET"]}}],"collection":[{"href":"https:\/\/archive.sana.sy\/tr\/index.php?rest_route=\/wp\/v2\/posts"}],"about":[{"href":"https:\/\/archive.sana.sy\/tr\/index.php?rest_route=\/wp\/v2\/types\/post"}],"author":[{"embeddable":true,"href":"https:\/\/archive.sana.sy\/tr\/index.php?rest_route=\/wp\/v2\/users\/1"}],"replies":[{"embeddable":true,"href":"https:\/\/archive.sana.sy\/tr\/index.php?rest_route=%2Fwp%2Fv2%2Fcomments&post=106321"}],"version-history":[{"count":0,"href":"https:\/\/archive.sana.sy\/tr\/index.php?rest_route=\/wp\/v2\/posts\/106321\/revisions"}],"wp:attachment":[{"href":"https:\/\/archive.sana.sy\/tr\/index.php?rest_route=%2Fwp%2Fv2%2Fmedia&parent=106321"}],"wp:term":[{"taxonomy":"category","embeddable":true,"href":"https:\/\/archive.sana.sy\/tr\/index.php?rest_route=%2Fwp%2Fv2%2Fcategories&post=106321"},{"taxonomy":"post_tag","embeddable":true,"href":"https:\/\/archive.sana.sy\/tr\/index.php?rest_route=%2Fwp%2Fv2%2Ftags&post=106321"}],"curies":[{"name":"wp","href":"https:\/\/api.w.org\/{rel}","templated":true}]}}