{"id":10633,"date":"2014-09-20T17:06:21","date_gmt":"2014-09-20T14:06:21","guid":{"rendered":"http:\/\/www.sana.sy\/tr\/?p=10633"},"modified":"2014-09-22T13:30:30","modified_gmt":"2014-09-22T10:30:30","slug":"kacirilan-rus-gazeteci-kacirilmam-suriye-gercegini-anlatmakta-israrimi-arttirdi","status":"publish","type":"post","link":"https:\/\/archive.sana.sy\/tr\/?p=10633","title":{"rendered":"Ka\u00e7\u0131r\u0131lan Rus Gazeteci: Ka\u00e7\u0131r\u0131lmam Suriye Ger\u00e7e\u011fini Anlatmakta Israr\u0131m\u0131 Artt\u0131rd\u0131"},"content":{"rendered":"<p>\u015eAM \u2013 Rus gazeteci Anhar Kochneva \u00fc\u00e7 y\u0131l boyunca Suriye ger\u00e7e\u011fini, Suriye\u2019nin maruz kald\u0131\u011f\u0131 ter\u00f6r\u00fc ka\u00e7\u0131r\u0131lmaya kadar ula\u015fan zorluklara ve tehditlere ra\u011fmen devam ettirdi.<\/p>\n<p>SANA\u2019ya konu\u015fan Kochneva, \u00fc\u00e7 y\u0131l \u00f6nce Suriye\u2019de devaml\u0131 ya\u015fad\u0131\u011f\u0131n\u0131, ondan \u00f6nce de Suriye\u2019ye devaml\u0131 gelip gitti\u011fini, Suriye-Rusya aras\u0131nda turizm alan\u0131nda \u00e7al\u0131\u015ft\u0131\u011f\u0131n\u0131 belirtti.<\/p>\n<p>Kochneva turizmcilikten gazetecili\u011fe ge\u00e7mesini \u015f\u00f6yle anlatt\u0131: \u201cD\u00fcnyan\u0131n en g\u00fczel \u00fclkelerinden biri olan Suriye\u2019nin maruz kald\u0131\u011f\u0131 zalim kriz, tarih \u00f6n\u00fcnde insani bir mesaj\u0131 ta\u015f\u0131ma y\u00fck\u00fcml\u00fcl\u00fc\u011f\u00fcn\u00fc verdi bana. \u0130nsanl\u0131\u011f\u0131 ve uygarl\u0131\u011f\u0131yla bilinen bu halk\u0131n yan\u0131nda durmal\u0131yd\u0131m \u00e7\u00fcnk\u00fc kendisi hak sahibi, adil bir davan\u0131n ta\u015f\u0131y\u0131c\u0131s\u0131d\u0131r ve hayat\u0131 \u015feref ve yal\u0131nl\u0131kla sever.\u201d<br \/>\n2011 y\u0131l\u0131 sonlar\u0131nda g\u00f6rd\u00fcklerini Rus televizyonlar\u0131na sistematik bir \u015fekilde aktarmaya ba\u015flayan Kochneva Suriye\u2019nin sorunlar\u0131n\u0131 b\u00fct\u00fcn ger\u00e7ekli\u011fiyle bildirip, ona kar\u015f\u0131 ger\u00e7ekleri de\u011fi\u015ftiren, her \u015feyi sahte bir \u015fekilde yans\u0131tan bir dezenformasyon sava\u015f\u0131 ba\u015flat\u0131ld\u0131\u011f\u0131n\u0131 anlatmaya \u00e7al\u0131\u015ft\u0131.<\/p>\n<p>Ekim 2012\u2019de Tartus K\u00fclt\u00fcr Merkezi\u2019nde \u201cEkim Sava\u015f\u0131ndan Beri Suriye Arap Ordusunun Misyonu\u201d adl\u0131 panel konu\u015fmas\u0131n\u0131 yapt\u0131ktan sonra \u015eam\u2019a d\u00f6n\u00fc\u015f yolunda ka\u00e7\u0131r\u0131lan Kochneva ka\u00e7\u0131r\u0131lmas\u0131n\u0131 \u015f\u00f6yle anlatt\u0131: \u201cTer\u00f6ristler beni Homs\u2019a ba\u011fl\u0131 Ksayr b\u00f6lgesine ald\u0131lar. Sorguda onlar\u0131n sadece Suriye\u2019nin yan\u0131nda duran gazetecileri tartaklad\u0131klar\u0131n\u0131, komplonun yan\u0131nda duran gazetecilere bir \u015fey yapmad\u0131klar\u0131n\u0131 anlad\u0131m. Ter\u00f6ristler \u0130srail varl\u0131\u011f\u0131n\u0131n emirleriyle hareket ediyordu. B\u00fcy\u00fck bir \u00e7ile sonras\u0131nda sabah erken kendimi kamufle edip Gassaniye\u2019ye do\u011fru ka\u00e7abildim. Suriye Arap Ordusu\u2019nun barikatlar\u0131yla kar\u015f\u0131la\u015ft\u0131m. Bana yard\u0131m edip \u015eam\u2019a g\u00f6nderdiler.<\/p>\n<p>Ka\u00e7\u0131ranlar\u0131n yan\u0131nda 153 g\u00fcn kald\u0131ktan sonra hedeflerinin 50 milyon dolar kar\u015f\u0131l\u0131\u011f\u0131nda beni serbest b\u0131rakmaya pazarl\u0131k yapmak oldu\u011funu \u00f6\u011frendim\u201d<br \/>\nBu zor s\u00fcrece ra\u011fmen y\u0131lmayan Kochneva, Suriye krizinin ger\u00e7eklerini Rus ve Kazakistanl\u0131 medya kurulu\u015flar\u0131na aktarmaya devam etti. \u00e7al\u0131\u015fmas\u0131 s\u0131ras\u0131nda yakla\u015f\u0131k 20 bin foto\u011fraf \u00e7ekti, bir s\u00fcr\u00fc ter\u00f6rist sald\u0131r\u0131y\u0131 belgeledi ve d\u00fcnyaya anlatt\u0131.<\/p>\n<p>Kochneva Suriye meselesi \u00fczerine Moskova\u2019da iki, Bel\u00e7ika\u2019da bir foto\u011fraf sergisi d\u00fczenledi.<\/p>\n","protected":false},"excerpt":{"rendered":"<p>\u015eAM \u2013 Rus gazeteci Anhar Kochneva \u00fc\u00e7 y\u0131l boyunca Suriye ger\u00e7e\u011fini, Suriye\u2019nin maruz kald\u0131\u011f\u0131 ter\u00f6r\u00fc ka\u00e7\u0131r\u0131lmaya kadar ula\u015fan zorluklara ve tehditlere ra\u011fmen devam ettirdi. SANA\u2019ya konu\u015fan Kochneva, \u00fc\u00e7 y\u0131l \u00f6nce Suriye\u2019de devaml\u0131 ya\u015fad\u0131\u011f\u0131n\u0131, ondan \u00f6nce de Suriye\u2019ye devaml\u0131 gelip gitti\u011fini, Suriye-Rusya aras\u0131nda turizm alan\u0131nda \u00e7al\u0131\u015ft\u0131\u011f\u0131n\u0131 belirtti. Kochneva turizmcilikten gazetecili\u011fe ge\u00e7mesini \u015f\u00f6yle anlatt\u0131: \u201cD\u00fcnyan\u0131n en g\u00fczel &hellip;<\/p>\n","protected":false},"author":1,"featured_media":10634,"comment_status":"closed","ping_status":"closed","sticky":false,"template":"","format":"standard","meta":{"footnotes":""},"categories":[575,478],"tags":[2472],"class_list":["post-10633","post","type-post","status-publish","format-standard","has-post-thumbnail","","category-olaylar-ve-gercekler","category-yerel","tag-kacirilan-rus-gazeteci-kacirilmam-suriye-gercegini-anlatmakta-israrimi-arttirdi"],"_links":{"self":[{"href":"https:\/\/archive.sana.sy\/tr\/index.php?rest_route=\/wp\/v2\/posts\/10633","targetHints":{"allow":["GET"]}}],"collection":[{"href":"https:\/\/archive.sana.sy\/tr\/index.php?rest_route=\/wp\/v2\/posts"}],"about":[{"href":"https:\/\/archive.sana.sy\/tr\/index.php?rest_route=\/wp\/v2\/types\/post"}],"author":[{"embeddable":true,"href":"https:\/\/archive.sana.sy\/tr\/index.php?rest_route=\/wp\/v2\/users\/1"}],"replies":[{"embeddable":true,"href":"https:\/\/archive.sana.sy\/tr\/index.php?rest_route=%2Fwp%2Fv2%2Fcomments&post=10633"}],"version-history":[{"count":0,"href":"https:\/\/archive.sana.sy\/tr\/index.php?rest_route=\/wp\/v2\/posts\/10633\/revisions"}],"wp:featuredmedia":[{"embeddable":true,"href":"https:\/\/archive.sana.sy\/tr\/index.php?rest_route=\/wp\/v2\/media\/10634"}],"wp:attachment":[{"href":"https:\/\/archive.sana.sy\/tr\/index.php?rest_route=%2Fwp%2Fv2%2Fmedia&parent=10633"}],"wp:term":[{"taxonomy":"category","embeddable":true,"href":"https:\/\/archive.sana.sy\/tr\/index.php?rest_route=%2Fwp%2Fv2%2Fcategories&post=10633"},{"taxonomy":"post_tag","embeddable":true,"href":"https:\/\/archive.sana.sy\/tr\/index.php?rest_route=%2Fwp%2Fv2%2Ftags&post=10633"}],"curies":[{"name":"wp","href":"https:\/\/api.w.org\/{rel}","templated":true}]}}