{"id":106371,"date":"2017-02-28T19:45:11","date_gmt":"2017-02-28T17:45:11","guid":{"rendered":"http:\/\/www.sana.sy\/tr\/?p=106371"},"modified":"2017-03-02T15:35:39","modified_gmt":"2017-03-02T13:35:39","slug":"homsta-1525-konutun-yeniden-insa-projesi-hazir","status":"publish","type":"post","link":"https:\/\/archive.sana.sy\/tr\/?p=106371","title":{"rendered":"Homs\u2019ta 1525 Konutun Yeniden \u0130n\u015fa Projesi Haz\u0131r"},"content":{"rendered":"<p>\u015eAM \u2013 \u0130skan Kurumu Genel M\u00fcd\u00fcr\u00fc S\u00fcheyl Abd\u00fcllatif, \u0130skan Kurumunun, Homs ilinde \u015eam-Homs otoban\u0131n\u0131n bat\u0131s\u0131nda ter\u00f6r olaylar\u0131 sonucu hasar g\u00f6ren 1525 konutun yeniden in\u015fas\u0131yla ilgili projesini haz\u0131rlad\u0131\u011f\u0131n\u0131 ve Bakanlar Kurulu Yeniden \u0130n\u015fa Komisyonu taraf\u0131ndan onayland\u0131ktan sonra uygulamaya ba\u015flayaca\u011f\u0131n\u0131 ifade etti.<\/p>\n<p>SANA\u2019ya d\u00fcn bir a\u00e7\u0131klama yapan Abd\u00fcllatif, Bakanlar Kurulu Yeniden \u0130n\u015fa Komisyonunun Adra Kentinde silahl\u0131 ter\u00f6r gruplar\u0131n\u0131n tahrip etti\u011fi 175 binan\u0131n yeniden in\u015fas\u0131 ile ilgili karar\u0131 onaylad\u0131\u011f\u0131n\u0131 beyan etti.<\/p>\n<p>Abd\u00fcllatif, \u015eam K\u0131rsal\u0131 Valili\u011fi Hasar Alt Komisyonu ile \u0130skan Kurumu aras\u0131nda 820 Lira de\u011ferinde bir s\u00f6zle\u015fme imzaland\u0131\u011f\u0131n\u0131 ekledi.<\/p>\n","protected":false},"excerpt":{"rendered":"<p>\u015eAM \u2013 \u0130skan Kurumu Genel M\u00fcd\u00fcr\u00fc S\u00fcheyl Abd\u00fcllatif, \u0130skan Kurumunun, Homs ilinde \u015eam-Homs otoban\u0131n\u0131n bat\u0131s\u0131nda ter\u00f6r olaylar\u0131 sonucu hasar g\u00f6ren 1525 konutun yeniden in\u015fas\u0131yla ilgili projesini haz\u0131rlad\u0131\u011f\u0131n\u0131 ve Bakanlar Kurulu Yeniden \u0130n\u015fa Komisyonu taraf\u0131ndan onayland\u0131ktan sonra uygulamaya ba\u015flayaca\u011f\u0131n\u0131 ifade etti. SANA\u2019ya d\u00fcn bir a\u00e7\u0131klama yapan Abd\u00fcllatif, Bakanlar Kurulu Yeniden \u0130n\u015fa Komisyonunun Adra Kentinde silahl\u0131 ter\u00f6r &hellip;<\/p>\n","protected":false},"author":1,"featured_media":106372,"comment_status":"closed","ping_status":"closed","sticky":false,"template":"","format":"standard","meta":{"footnotes":""},"categories":[479,17988,478],"tags":[28038,28037,21847],"class_list":["post-106371","post","type-post","status-publish","format-standard","has-post-thumbnail","","category-haberler-yerel","category-son-haberler","category-yerel","tag-homsta-1525-konutun-yeniden-insa-projesi-hazir","tag-iskan-kurumu-genel-muduru-suheyl-abdullatif","tag-sam-homs-otobani"],"_links":{"self":[{"href":"https:\/\/archive.sana.sy\/tr\/index.php?rest_route=\/wp\/v2\/posts\/106371","targetHints":{"allow":["GET"]}}],"collection":[{"href":"https:\/\/archive.sana.sy\/tr\/index.php?rest_route=\/wp\/v2\/posts"}],"about":[{"href":"https:\/\/archive.sana.sy\/tr\/index.php?rest_route=\/wp\/v2\/types\/post"}],"author":[{"embeddable":true,"href":"https:\/\/archive.sana.sy\/tr\/index.php?rest_route=\/wp\/v2\/users\/1"}],"replies":[{"embeddable":true,"href":"https:\/\/archive.sana.sy\/tr\/index.php?rest_route=%2Fwp%2Fv2%2Fcomments&post=106371"}],"version-history":[{"count":0,"href":"https:\/\/archive.sana.sy\/tr\/index.php?rest_route=\/wp\/v2\/posts\/106371\/revisions"}],"wp:featuredmedia":[{"embeddable":true,"href":"https:\/\/archive.sana.sy\/tr\/index.php?rest_route=\/wp\/v2\/media\/106372"}],"wp:attachment":[{"href":"https:\/\/archive.sana.sy\/tr\/index.php?rest_route=%2Fwp%2Fv2%2Fmedia&parent=106371"}],"wp:term":[{"taxonomy":"category","embeddable":true,"href":"https:\/\/archive.sana.sy\/tr\/index.php?rest_route=%2Fwp%2Fv2%2Fcategories&post=106371"},{"taxonomy":"post_tag","embeddable":true,"href":"https:\/\/archive.sana.sy\/tr\/index.php?rest_route=%2Fwp%2Fv2%2Ftags&post=106371"}],"curies":[{"name":"wp","href":"https:\/\/api.w.org\/{rel}","templated":true}]}}