{"id":106476,"date":"2017-03-02T11:40:15","date_gmt":"2017-03-02T09:40:15","guid":{"rendered":"http:\/\/www.sana.sy\/tr\/?p=106476"},"modified":"2017-03-03T16:00:54","modified_gmt":"2017-03-03T14:00:54","slug":"cumhurbaskani-bessar-el-esad-201764-sayili-kararnameyi-onayladi","status":"publish","type":"post","link":"https:\/\/archive.sana.sy\/tr\/?p=106476","title":{"rendered":"Esad Se\u00e7imleri Kazanan Milletvekilinin Karar\u0131n\u0131 Onaylad\u0131"},"content":{"rendered":"<p>\u015eAM \u2013 Cumhurba\u015fkan\u0131 Be\u015f\u015far el Esad, Halk Meclisi Halep \u0130li bo\u015f sandalyesinin doldurulmas\u0131 amac\u0131yla yap\u0131lan se\u00e7imleri kazanan Kadri Muhammed H\u00fcseyin\u2019in meclis \u00fcyesi olmas\u0131n\u0131 \u00f6ng\u00f6ren 2017\/64 say\u0131l\u0131 karar\u0131 onaylad\u0131.<\/p>\n<p>2014\/5 say\u0131l\u0131 genel se\u00e7imler kanunu ve bo\u015f kalan sandalyenin doldurulmas\u0131 i\u00e7in se\u00e7imlerin yap\u0131lmas\u0131n\u0131\u00a0\u00f6ng\u00f6ren 11-02-2017\/50 say\u0131l\u0131 kararnamenin yan\u0131 s\u0131ra Se\u00e7im Y\u00fcksek Kurulunun 19-02-2017 tarihli karar\u0131 kapsam\u0131nda H\u00fcseyin Halk Meclisinin 2. Yasama D\u00f6neminde Halep \u0130li A Sekt\u00f6r\u00fcnden milletvekili s\u0131fat\u0131n\u0131 kazanm\u0131\u015f oldu.<\/p>\n","protected":false},"excerpt":{"rendered":"<p>\u015eAM \u2013 Cumhurba\u015fkan\u0131 Be\u015f\u015far el Esad, Halk Meclisi Halep \u0130li bo\u015f sandalyesinin doldurulmas\u0131 amac\u0131yla yap\u0131lan se\u00e7imleri kazanan Kadri Muhammed H\u00fcseyin\u2019in meclis \u00fcyesi olmas\u0131n\u0131 \u00f6ng\u00f6ren 2017\/64 say\u0131l\u0131 karar\u0131 onaylad\u0131. 2014\/5 say\u0131l\u0131 genel se\u00e7imler kanunu ve bo\u015f kalan sandalyenin doldurulmas\u0131 i\u00e7in se\u00e7imlerin yap\u0131lmas\u0131n\u0131\u00a0\u00f6ng\u00f6ren 11-02-2017\/50 say\u0131l\u0131 kararnamenin yan\u0131 s\u0131ra Se\u00e7im Y\u00fcksek Kurulunun 19-02-2017 tarihli karar\u0131 kapsam\u0131nda H\u00fcseyin Halk &hellip;<\/p>\n","protected":false},"author":1,"featured_media":101222,"comment_status":"closed","ping_status":"closed","sticky":false,"template":"","format":"standard","meta":{"footnotes":""},"categories":[479,605,17988,612,599,478],"tags":[17256,28064,28066,18423,27614,19548,28065],"class_list":["post-106476","post","type-post","status-publish","format-standard","has-post-thumbnail","","category-haberler-yerel","category-sayin-cumhurbaskani","category-son-haberler","category-yasama-kararnameler","category-yasama-ve-kanunlar","category-yerel","tag-bessar-el-esad","tag-cumhurbaskani-bessar-el-esad-201764-sayili-kararnameyi-onayladi","tag-halep-il-milletvekili","tag-kanunname","tag-milletvekili","tag-parlamento-secimleri","tag-secim-kanunu"],"_links":{"self":[{"href":"https:\/\/archive.sana.sy\/tr\/index.php?rest_route=\/wp\/v2\/posts\/106476","targetHints":{"allow":["GET"]}}],"collection":[{"href":"https:\/\/archive.sana.sy\/tr\/index.php?rest_route=\/wp\/v2\/posts"}],"about":[{"href":"https:\/\/archive.sana.sy\/tr\/index.php?rest_route=\/wp\/v2\/types\/post"}],"author":[{"embeddable":true,"href":"https:\/\/archive.sana.sy\/tr\/index.php?rest_route=\/wp\/v2\/users\/1"}],"replies":[{"embeddable":true,"href":"https:\/\/archive.sana.sy\/tr\/index.php?rest_route=%2Fwp%2Fv2%2Fcomments&post=106476"}],"version-history":[{"count":0,"href":"https:\/\/archive.sana.sy\/tr\/index.php?rest_route=\/wp\/v2\/posts\/106476\/revisions"}],"wp:featuredmedia":[{"embeddable":true,"href":"https:\/\/archive.sana.sy\/tr\/index.php?rest_route=\/wp\/v2\/media\/101222"}],"wp:attachment":[{"href":"https:\/\/archive.sana.sy\/tr\/index.php?rest_route=%2Fwp%2Fv2%2Fmedia&parent=106476"}],"wp:term":[{"taxonomy":"category","embeddable":true,"href":"https:\/\/archive.sana.sy\/tr\/index.php?rest_route=%2Fwp%2Fv2%2Fcategories&post=106476"},{"taxonomy":"post_tag","embeddable":true,"href":"https:\/\/archive.sana.sy\/tr\/index.php?rest_route=%2Fwp%2Fv2%2Ftags&post=106476"}],"curies":[{"name":"wp","href":"https:\/\/api.w.org\/{rel}","templated":true}]}}