{"id":106491,"date":"2017-03-02T14:46:21","date_gmt":"2017-03-02T12:46:21","guid":{"rendered":"http:\/\/www.sana.sy\/tr\/?p=106491"},"modified":"2017-03-03T16:01:04","modified_gmt":"2017-03-03T14:01:04","slug":"elektrik-uretimi-oranina-dusmus-durumda","status":"publish","type":"post","link":"https:\/\/archive.sana.sy\/tr\/?p=106491","title":{"rendered":"Elektrik \u00dcretimi %27 Oran\u0131na D\u00fc\u015fm\u00fc\u015f Durumda"},"content":{"rendered":"<p>HAMA \u2013 Elektrik Bakan\u0131 Z\u00fcheyr Harbutlu bug\u00fcn Hama Kenti valilik binas\u0131nda Hama ilinin siyasi, resmi ve sivil toplum faaliyet temsilcileri ile bir araya geldi.<\/p>\n<p>G\u00f6r\u00fc\u015fmede Homs \u0130linin do\u011fusunda yer alan ve I\u015e\u0130D taraf\u0131ndan sabote edilen Hayyan Do\u011falgaz Kuyusunun maksimum bir ayl\u0131k s\u00fcre i\u00e7inde yeniden hizmete ba\u015flayaca\u011f\u0131n\u0131 belirten Harbutlu, bunun elektrik \u00fcretiminde 500 mega wat\/saat art\u0131\u015fa yol a\u00e7aca\u011f\u0131n\u0131 ifade etti. Harbutlu b\u00f6ylece ba\u015fta Hama ilinde olmak \u00fczere t\u00fcm Suriye&#8217;de elektrik kesintilerinin azalaca\u011f\u0131n\u0131 s\u00f6yledi.<\/p>\n<p>Bakan Harbutlu muhtelif y\u00f6nl\u00fc sava\u015f ve yapt\u0131r\u0131mlar g\u00f6lgesinde vatanda\u015flar\u0131n muhtelif temel gereksinimlerinin kar\u015f\u0131lanmas\u0131nda h\u00fck\u00fcmetin olduk\u00e7a yo\u011fun \u00e7abalar harcad\u0131\u011f\u0131na dikkat \u00e7ekti. Mevcut s\u00fcre\u00e7 i\u00e7inde Suriye genelinde elektrik kesintisinin 3 saate 3 saat oldu\u011funa i\u015faret eden Harbutlu, bunun g\u00fcnl\u00fck olarak 1-6 milyar lira maliyetinde 10 bin ton akaryak\u0131t gerektirdi\u011fine i\u015faret etti.<\/p>\n<p>Bakan Harbutlu sava\u015f ve yapt\u0131r\u0131m ko\u015fullar\u0131na ilaveten ter\u00f6ristlerin elektrik \u015febekeleri ve akaryak\u0131t boru hatlar\u0131na sald\u0131r\u0131lar\u0131 nedeniyle Suriye&#8217;de elektrik \u00fcretiminin %27\u2019ye d\u00fc\u015fm\u00fc\u015f oldu\u011funu kaydetti.<\/p>\n","protected":false},"excerpt":{"rendered":"<p>HAMA \u2013 Elektrik Bakan\u0131 Z\u00fcheyr Harbutlu bug\u00fcn Hama Kenti valilik binas\u0131nda Hama ilinin siyasi, resmi ve sivil toplum faaliyet temsilcileri ile bir araya geldi. G\u00f6r\u00fc\u015fmede Homs \u0130linin do\u011fusunda yer alan ve I\u015e\u0130D taraf\u0131ndan sabote edilen Hayyan Do\u011falgaz Kuyusunun maksimum bir ayl\u0131k s\u00fcre i\u00e7inde yeniden hizmete ba\u015flayaca\u011f\u0131n\u0131 belirten Harbutlu, bunun elektrik \u00fcretiminde 500 mega wat\/saat art\u0131\u015fa &hellip;<\/p>\n","protected":false},"author":1,"featured_media":106492,"comment_status":"closed","ping_status":"closed","sticky":false,"template":"","format":"standard","meta":{"footnotes":""},"categories":[479,17988,478],"tags":[23492,27245,25707,28071,19043,28070],"class_list":["post-106491","post","type-post","status-publish","format-standard","has-post-thumbnail","","category-haberler-yerel","category-son-haberler","category-yerel","tag-elektrik-bakani","tag-elektrik-uretimi","tag-hama-valiligi","tag-hayyan-dogalgaz-kuyusu","tag-suriyede-son-durum","tag-zuheyr-harbutlu"],"_links":{"self":[{"href":"https:\/\/archive.sana.sy\/tr\/index.php?rest_route=\/wp\/v2\/posts\/106491","targetHints":{"allow":["GET"]}}],"collection":[{"href":"https:\/\/archive.sana.sy\/tr\/index.php?rest_route=\/wp\/v2\/posts"}],"about":[{"href":"https:\/\/archive.sana.sy\/tr\/index.php?rest_route=\/wp\/v2\/types\/post"}],"author":[{"embeddable":true,"href":"https:\/\/archive.sana.sy\/tr\/index.php?rest_route=\/wp\/v2\/users\/1"}],"replies":[{"embeddable":true,"href":"https:\/\/archive.sana.sy\/tr\/index.php?rest_route=%2Fwp%2Fv2%2Fcomments&post=106491"}],"version-history":[{"count":0,"href":"https:\/\/archive.sana.sy\/tr\/index.php?rest_route=\/wp\/v2\/posts\/106491\/revisions"}],"wp:featuredmedia":[{"embeddable":true,"href":"https:\/\/archive.sana.sy\/tr\/index.php?rest_route=\/wp\/v2\/media\/106492"}],"wp:attachment":[{"href":"https:\/\/archive.sana.sy\/tr\/index.php?rest_route=%2Fwp%2Fv2%2Fmedia&parent=106491"}],"wp:term":[{"taxonomy":"category","embeddable":true,"href":"https:\/\/archive.sana.sy\/tr\/index.php?rest_route=%2Fwp%2Fv2%2Fcategories&post=106491"},{"taxonomy":"post_tag","embeddable":true,"href":"https:\/\/archive.sana.sy\/tr\/index.php?rest_route=%2Fwp%2Fv2%2Ftags&post=106491"}],"curies":[{"name":"wp","href":"https:\/\/api.w.org\/{rel}","templated":true}]}}