{"id":106574,"date":"2017-03-02T19:19:54","date_gmt":"2017-03-02T17:19:54","guid":{"rendered":"http:\/\/www.sana.sy\/tr\/?p=106574"},"modified":"2017-03-02T19:19:54","modified_gmt":"2017-03-02T17:19:54","slug":"cenevrede-bm-gozetimi-altinda-yapilan-suriyeliler-arasi-diyalog-gorusmelerinin-dorduncu-turu-kapsaminda-bugun-bm-suriye-ozel-temsilcisi-staffan-de-mistura-ile-yeniden-bir-araya-gelen-suriye-hukumet","status":"publish","type":"post","link":"https:\/\/archive.sana.sy\/tr\/?p=106574","title":{"rendered":"Cenevre&#8217;de BM G\u00f6zetimi alt\u0131nda yap\u0131lan Suriyeliler aras\u0131 diyalog g\u00f6r\u00fc\u015fmelerinin d\u00f6rd\u00fcnc\u00fc turu kapsam\u0131nda bug\u00fcn BM Suriye \u00f6zel temsilcisi Staffan de Mistura ile yeniden bir araya gelen Suriye h\u00fck\u00fcmet heyeti ba\u015fkan\u0131 Caferi toplant\u0131n\u0131n sona ermesi ard\u0131ndan bas\u0131n konferans\u0131 d\u00fczenledi\u200f"},"content":{"rendered":"<p>Cenevre&#8217;de BM G\u00f6zetimi alt\u0131nda yap\u0131lan Suriyeliler aras\u0131 diyalog g\u00f6r\u00fc\u015fmelerinin d\u00f6rd\u00fcnc\u00fc turu kapsam\u0131nda bug\u00fcn BM Suriye \u00f6zel temsilcisi Staffan de Mistura ile yeniden bir araya gelen Suriye h\u00fck\u00fcmet heyeti ba\u015fkan\u0131 Caferi toplant\u0131n\u0131n sona ermesi ard\u0131ndan bas\u0131n konferans\u0131 d\u00fczenledi\u200f<\/p>\n","protected":false},"excerpt":{"rendered":"<p>Cenevre&#8217;de BM G\u00f6zetimi alt\u0131nda yap\u0131lan Suriyeliler aras\u0131 diyalog g\u00f6r\u00fc\u015fmelerinin d\u00f6rd\u00fcnc\u00fc turu kapsam\u0131nda bug\u00fcn BM Suriye \u00f6zel temsilcisi Staffan de Mistura ile yeniden bir araya gelen Suriye h\u00fck\u00fcmet heyeti ba\u015fkan\u0131 Caferi toplant\u0131n\u0131n sona ermesi ard\u0131ndan bas\u0131n konferans\u0131 d\u00fczenledi\u200f<\/p>\n","protected":false},"author":1,"featured_media":0,"comment_status":"closed","ping_status":"closed","sticky":false,"template":"","format":"standard","meta":{"footnotes":""},"categories":[17991],"tags":[],"class_list":["post-106574","post","type-post","status-publish","format-standard","","category-son-dakika"],"_links":{"self":[{"href":"https:\/\/archive.sana.sy\/tr\/index.php?rest_route=\/wp\/v2\/posts\/106574","targetHints":{"allow":["GET"]}}],"collection":[{"href":"https:\/\/archive.sana.sy\/tr\/index.php?rest_route=\/wp\/v2\/posts"}],"about":[{"href":"https:\/\/archive.sana.sy\/tr\/index.php?rest_route=\/wp\/v2\/types\/post"}],"author":[{"embeddable":true,"href":"https:\/\/archive.sana.sy\/tr\/index.php?rest_route=\/wp\/v2\/users\/1"}],"replies":[{"embeddable":true,"href":"https:\/\/archive.sana.sy\/tr\/index.php?rest_route=%2Fwp%2Fv2%2Fcomments&post=106574"}],"version-history":[{"count":0,"href":"https:\/\/archive.sana.sy\/tr\/index.php?rest_route=\/wp\/v2\/posts\/106574\/revisions"}],"wp:attachment":[{"href":"https:\/\/archive.sana.sy\/tr\/index.php?rest_route=%2Fwp%2Fv2%2Fmedia&parent=106574"}],"wp:term":[{"taxonomy":"category","embeddable":true,"href":"https:\/\/archive.sana.sy\/tr\/index.php?rest_route=%2Fwp%2Fv2%2Fcategories&post=106574"},{"taxonomy":"post_tag","embeddable":true,"href":"https:\/\/archive.sana.sy\/tr\/index.php?rest_route=%2Fwp%2Fv2%2Ftags&post=106574"}],"curies":[{"name":"wp","href":"https:\/\/api.w.org\/{rel}","templated":true}]}}