{"id":106582,"date":"2017-03-02T19:26:25","date_gmt":"2017-03-02T17:26:25","guid":{"rendered":"http:\/\/www.sana.sy\/tr\/?p=106582"},"modified":"2017-03-02T19:26:03","modified_gmt":"2017-03-02T17:26:03","slug":"caferi-belli-basli-dis-guclerin-destekledikleri-evrensel-terorun-bulundugu-istisnasiz-her-karis-suriye-topraginin-kurtarilmasina-dek-terorle-mucadelenin-azim-ve-kararlilikla-devam-edeceginin-altini-c","status":"publish","type":"post","link":"https:\/\/archive.sana.sy\/tr\/?p=106582","title":{"rendered":"Caferi; belli ba\u015fl\u0131 d\u0131\u015f g\u00fc\u00e7lerin destekledikleri evrensel ter\u00f6r\u00fcn bulundu\u011fu istisnas\u0131z her kar\u0131\u015f Suriye topra\u011f\u0131n\u0131n kurtar\u0131lmas\u0131na dek ter\u00f6rle m\u00fccadelenin azim ve kararl\u0131l\u0131kla devam edece\u011finin alt\u0131n\u0131 \u00e7izdi\u200f"},"content":{"rendered":"<p>Caferi; belli ba\u015fl\u0131 d\u0131\u015f g\u00fc\u00e7lerin destekledikleri evrensel ter\u00f6r\u00fcn bulundu\u011fu istisnas\u0131z her kar\u0131\u015f Suriye topra\u011f\u0131n\u0131n kurtar\u0131lmas\u0131na dek ter\u00f6rle m\u00fccadelenin azim ve kararl\u0131l\u0131kla devam edece\u011finin alt\u0131n\u0131 \u00e7izdi\u200f<\/p>\n","protected":false},"excerpt":{"rendered":"<p>Caferi; belli ba\u015fl\u0131 d\u0131\u015f g\u00fc\u00e7lerin destekledikleri evrensel ter\u00f6r\u00fcn bulundu\u011fu istisnas\u0131z her kar\u0131\u015f Suriye topra\u011f\u0131n\u0131n kurtar\u0131lmas\u0131na dek ter\u00f6rle m\u00fccadelenin azim ve kararl\u0131l\u0131kla devam edece\u011finin alt\u0131n\u0131 \u00e7izdi\u200f<\/p>\n","protected":false},"author":1,"featured_media":0,"comment_status":"closed","ping_status":"closed","sticky":false,"template":"","format":"standard","meta":{"footnotes":""},"categories":[17991],"tags":[],"class_list":["post-106582","post","type-post","status-publish","format-standard","","category-son-dakika"],"_links":{"self":[{"href":"https:\/\/archive.sana.sy\/tr\/index.php?rest_route=\/wp\/v2\/posts\/106582","targetHints":{"allow":["GET"]}}],"collection":[{"href":"https:\/\/archive.sana.sy\/tr\/index.php?rest_route=\/wp\/v2\/posts"}],"about":[{"href":"https:\/\/archive.sana.sy\/tr\/index.php?rest_route=\/wp\/v2\/types\/post"}],"author":[{"embeddable":true,"href":"https:\/\/archive.sana.sy\/tr\/index.php?rest_route=\/wp\/v2\/users\/1"}],"replies":[{"embeddable":true,"href":"https:\/\/archive.sana.sy\/tr\/index.php?rest_route=%2Fwp%2Fv2%2Fcomments&post=106582"}],"version-history":[{"count":0,"href":"https:\/\/archive.sana.sy\/tr\/index.php?rest_route=\/wp\/v2\/posts\/106582\/revisions"}],"wp:attachment":[{"href":"https:\/\/archive.sana.sy\/tr\/index.php?rest_route=%2Fwp%2Fv2%2Fmedia&parent=106582"}],"wp:term":[{"taxonomy":"category","embeddable":true,"href":"https:\/\/archive.sana.sy\/tr\/index.php?rest_route=%2Fwp%2Fv2%2Fcategories&post=106582"},{"taxonomy":"post_tag","embeddable":true,"href":"https:\/\/archive.sana.sy\/tr\/index.php?rest_route=%2Fwp%2Fv2%2Ftags&post=106582"}],"curies":[{"name":"wp","href":"https:\/\/api.w.org\/{rel}","templated":true}]}}