{"id":106592,"date":"2017-03-02T19:34:24","date_gmt":"2017-03-02T17:34:24","guid":{"rendered":"http:\/\/www.sana.sy\/tr\/?p=106592"},"modified":"2017-03-02T19:34:48","modified_gmt":"2017-03-02T17:34:48","slug":"riyad-muhalefeti-heyetinde-silahli-teror-gruplari-elebaslarinin-bulunduguna-dikkat-ceken-caferi-bu-heyetteki-teror-elebaslarinin-bir-kisminin-israil-tarafindan-yonetildigini-bir-di","status":"publish","type":"post","link":"https:\/\/archive.sana.sy\/tr\/?p=106592","title":{"rendered":"\u2018Riyad muhalefeti\u2019 heyetinde silahl\u0131 ter\u00f6r gruplar\u0131 eleba\u015flar\u0131n\u0131n bulundu\u011funa dikkat \u00e7eken Caferi; bu heyetteki ter\u00f6r eleba\u015flar\u0131n\u0131n bir k\u0131sm\u0131n\u0131n \u0130srail taraf\u0131ndan y\u00f6netildi\u011fini, bir di\u011fer k\u0131sm\u0131n\u0131n da kuzeyde Suriye topraklar\u0131n\u0131 i\u015fgal eden T\u00fcrkiye g\u00fc\u00e7leri ile yer alan ter\u00f6rist gruplar\u0131n eleba\u015flar\u0131 oldu\u011funun alt\u0131n\u0131 \u00e7izdi"},"content":{"rendered":"<p>\u2018Riyad muhalefeti\u2019 heyetinde silahl\u0131 ter\u00f6r gruplar\u0131 eleba\u015flar\u0131n\u0131n bulundu\u011funa dikkat \u00e7eken Caferi; bu heyetteki ter\u00f6r eleba\u015flar\u0131n\u0131n bir k\u0131sm\u0131n\u0131n \u0130srail taraf\u0131ndan y\u00f6netildi\u011fini, bir di\u011fer k\u0131sm\u0131n\u0131n da kuzeyde Suriye topraklar\u0131n\u0131 i\u015fgal eden T\u00fcrkiye g\u00fc\u00e7leri ile yer alan ter\u00f6rist gruplar\u0131n eleba\u015flar\u0131 oldu\u011funun alt\u0131n\u0131 \u00e7izdi<\/p>\n","protected":false},"excerpt":{"rendered":"<p>\u2018Riyad muhalefeti\u2019 heyetinde silahl\u0131 ter\u00f6r gruplar\u0131 eleba\u015flar\u0131n\u0131n bulundu\u011funa dikkat \u00e7eken Caferi; bu heyetteki ter\u00f6r eleba\u015flar\u0131n\u0131n bir k\u0131sm\u0131n\u0131n \u0130srail taraf\u0131ndan y\u00f6netildi\u011fini, bir di\u011fer k\u0131sm\u0131n\u0131n da kuzeyde Suriye topraklar\u0131n\u0131 i\u015fgal eden T\u00fcrkiye g\u00fc\u00e7leri ile yer alan ter\u00f6rist gruplar\u0131n eleba\u015flar\u0131 oldu\u011funun alt\u0131n\u0131 \u00e7izdi<\/p>\n","protected":false},"author":1,"featured_media":0,"comment_status":"closed","ping_status":"closed","sticky":false,"template":"","format":"standard","meta":{"footnotes":""},"categories":[17991],"tags":[],"class_list":["post-106592","post","type-post","status-publish","format-standard","","category-son-dakika"],"_links":{"self":[{"href":"https:\/\/archive.sana.sy\/tr\/index.php?rest_route=\/wp\/v2\/posts\/106592","targetHints":{"allow":["GET"]}}],"collection":[{"href":"https:\/\/archive.sana.sy\/tr\/index.php?rest_route=\/wp\/v2\/posts"}],"about":[{"href":"https:\/\/archive.sana.sy\/tr\/index.php?rest_route=\/wp\/v2\/types\/post"}],"author":[{"embeddable":true,"href":"https:\/\/archive.sana.sy\/tr\/index.php?rest_route=\/wp\/v2\/users\/1"}],"replies":[{"embeddable":true,"href":"https:\/\/archive.sana.sy\/tr\/index.php?rest_route=%2Fwp%2Fv2%2Fcomments&post=106592"}],"version-history":[{"count":0,"href":"https:\/\/archive.sana.sy\/tr\/index.php?rest_route=\/wp\/v2\/posts\/106592\/revisions"}],"wp:attachment":[{"href":"https:\/\/archive.sana.sy\/tr\/index.php?rest_route=%2Fwp%2Fv2%2Fmedia&parent=106592"}],"wp:term":[{"taxonomy":"category","embeddable":true,"href":"https:\/\/archive.sana.sy\/tr\/index.php?rest_route=%2Fwp%2Fv2%2Fcategories&post=106592"},{"taxonomy":"post_tag","embeddable":true,"href":"https:\/\/archive.sana.sy\/tr\/index.php?rest_route=%2Fwp%2Fv2%2Ftags&post=106592"}],"curies":[{"name":"wp","href":"https:\/\/api.w.org\/{rel}","templated":true}]}}