{"id":106599,"date":"2017-03-02T19:38:05","date_gmt":"2017-03-02T17:38:05","guid":{"rendered":"http:\/\/www.sana.sy\/tr\/?p=106599"},"modified":"2017-03-02T19:38:05","modified_gmt":"2017-03-02T17:38:05","slug":"suriye-hukumet-heyeti-baskani-caferi-heyetin-cenevrede-yapilan-suriyeliler-arasin-gorusmelerin-seyrinin-tek-bir-muhalefet-heyetinin-teskil-edilmesi-cabalarini-sabote-eden-riyad-muhalefet","status":"publish","type":"post","link":"https:\/\/archive.sana.sy\/tr\/?p=106599","title":{"rendered":"Suriye h\u00fck\u00fcmet heyeti ba\u015fkan\u0131 Caferi; heyetin, Cenevre&#8217;de yap\u0131lan Suriyeliler aras\u0131n g\u00f6r\u00fc\u015fmelerin seyrinin, tek bir muhalefet heyetinin te\u015fkil edilmesi \u00e7abalar\u0131n\u0131 sabote eden \u2018Riyad muhalefetiyle\u2019 ko\u015fulland\u0131r\u0131lmamas\u0131 gere\u011fini de Mistura\u2019ya vurgulad\u0131\u011f\u0131n\u0131 belirtti\u200f"},"content":{"rendered":"<p>Suriye h\u00fck\u00fcmet heyeti ba\u015fkan\u0131 Caferi; heyetin, Cenevre&#8217;de yap\u0131lan Suriyeliler aras\u0131n g\u00f6r\u00fc\u015fmelerin seyrinin, tek bir muhalefet heyetinin te\u015fkil edilmesi \u00e7abalar\u0131n\u0131 sabote eden \u2018Riyad muhalefetiyle\u2019 ko\u015fulland\u0131r\u0131lmamas\u0131 gere\u011fini de Mistura\u2019ya vurgulad\u0131\u011f\u0131n\u0131 belirtti\u200f<\/p>\n","protected":false},"excerpt":{"rendered":"<p>Suriye h\u00fck\u00fcmet heyeti ba\u015fkan\u0131 Caferi; heyetin, Cenevre&#8217;de yap\u0131lan Suriyeliler aras\u0131n g\u00f6r\u00fc\u015fmelerin seyrinin, tek bir muhalefet heyetinin te\u015fkil edilmesi \u00e7abalar\u0131n\u0131 sabote eden \u2018Riyad muhalefetiyle\u2019 ko\u015fulland\u0131r\u0131lmamas\u0131 gere\u011fini de Mistura\u2019ya vurgulad\u0131\u011f\u0131n\u0131 belirtti\u200f<\/p>\n","protected":false},"author":1,"featured_media":0,"comment_status":"closed","ping_status":"closed","sticky":false,"template":"","format":"standard","meta":{"footnotes":""},"categories":[17991],"tags":[],"class_list":["post-106599","post","type-post","status-publish","format-standard","","category-son-dakika"],"_links":{"self":[{"href":"https:\/\/archive.sana.sy\/tr\/index.php?rest_route=\/wp\/v2\/posts\/106599","targetHints":{"allow":["GET"]}}],"collection":[{"href":"https:\/\/archive.sana.sy\/tr\/index.php?rest_route=\/wp\/v2\/posts"}],"about":[{"href":"https:\/\/archive.sana.sy\/tr\/index.php?rest_route=\/wp\/v2\/types\/post"}],"author":[{"embeddable":true,"href":"https:\/\/archive.sana.sy\/tr\/index.php?rest_route=\/wp\/v2\/users\/1"}],"replies":[{"embeddable":true,"href":"https:\/\/archive.sana.sy\/tr\/index.php?rest_route=%2Fwp%2Fv2%2Fcomments&post=106599"}],"version-history":[{"count":0,"href":"https:\/\/archive.sana.sy\/tr\/index.php?rest_route=\/wp\/v2\/posts\/106599\/revisions"}],"wp:attachment":[{"href":"https:\/\/archive.sana.sy\/tr\/index.php?rest_route=%2Fwp%2Fv2%2Fmedia&parent=106599"}],"wp:term":[{"taxonomy":"category","embeddable":true,"href":"https:\/\/archive.sana.sy\/tr\/index.php?rest_route=%2Fwp%2Fv2%2Fcategories&post=106599"},{"taxonomy":"post_tag","embeddable":true,"href":"https:\/\/archive.sana.sy\/tr\/index.php?rest_route=%2Fwp%2Fv2%2Ftags&post=106599"}],"curies":[{"name":"wp","href":"https:\/\/api.w.org\/{rel}","templated":true}]}}