{"id":106601,"date":"2017-03-02T19:43:16","date_gmt":"2017-03-02T17:43:16","guid":{"rendered":"http:\/\/www.sana.sy\/tr\/?p=106601"},"modified":"2017-03-02T19:43:16","modified_gmt":"2017-03-02T17:43:16","slug":"caferi-cenevrede-suriyeliler-arasinda-yapilan-diyalog-gorusmelerinin-dusecegi-herhangi-bir-basarisizlik-sorumlulugunun-tamamen-riyad-heyetinin-sorumlulugu-olacagini-kaydetti","status":"publish","type":"post","link":"https:\/\/archive.sana.sy\/tr\/?p=106601","title":{"rendered":"Caferi Cenevre&#8217;de Suriyeliler aras\u0131nda yap\u0131lan diyalog g\u00f6r\u00fc\u015fmelerinin d\u00fc\u015fece\u011fi herhangi bir ba\u015far\u0131s\u0131zl\u0131k sorumlulu\u011funun tamamen \u2018Riyad heyetinin\u2019 sorumlulu\u011fu olaca\u011f\u0131n\u0131 kaydetti\u200f"},"content":{"rendered":"<p>Caferi Cenevre&#8217;de Suriyeliler aras\u0131nda yap\u0131lan diyalog g\u00f6r\u00fc\u015fmelerinin d\u00fc\u015fece\u011fi herhangi bir ba\u015far\u0131s\u0131zl\u0131k sorumlulu\u011funun tamamen \u2018Riyad heyetinin\u2019 sorumlulu\u011fu olaca\u011f\u0131n\u0131 kaydetti\u200f<\/p>\n","protected":false},"excerpt":{"rendered":"<p>Caferi Cenevre&#8217;de Suriyeliler aras\u0131nda yap\u0131lan diyalog g\u00f6r\u00fc\u015fmelerinin d\u00fc\u015fece\u011fi herhangi bir ba\u015far\u0131s\u0131zl\u0131k sorumlulu\u011funun tamamen \u2018Riyad heyetinin\u2019 sorumlulu\u011fu olaca\u011f\u0131n\u0131 kaydetti\u200f<\/p>\n","protected":false},"author":1,"featured_media":0,"comment_status":"closed","ping_status":"closed","sticky":false,"template":"","format":"standard","meta":{"footnotes":""},"categories":[17991],"tags":[],"class_list":["post-106601","post","type-post","status-publish","format-standard","","category-son-dakika"],"_links":{"self":[{"href":"https:\/\/archive.sana.sy\/tr\/index.php?rest_route=\/wp\/v2\/posts\/106601","targetHints":{"allow":["GET"]}}],"collection":[{"href":"https:\/\/archive.sana.sy\/tr\/index.php?rest_route=\/wp\/v2\/posts"}],"about":[{"href":"https:\/\/archive.sana.sy\/tr\/index.php?rest_route=\/wp\/v2\/types\/post"}],"author":[{"embeddable":true,"href":"https:\/\/archive.sana.sy\/tr\/index.php?rest_route=\/wp\/v2\/users\/1"}],"replies":[{"embeddable":true,"href":"https:\/\/archive.sana.sy\/tr\/index.php?rest_route=%2Fwp%2Fv2%2Fcomments&post=106601"}],"version-history":[{"count":0,"href":"https:\/\/archive.sana.sy\/tr\/index.php?rest_route=\/wp\/v2\/posts\/106601\/revisions"}],"wp:attachment":[{"href":"https:\/\/archive.sana.sy\/tr\/index.php?rest_route=%2Fwp%2Fv2%2Fmedia&parent=106601"}],"wp:term":[{"taxonomy":"category","embeddable":true,"href":"https:\/\/archive.sana.sy\/tr\/index.php?rest_route=%2Fwp%2Fv2%2Fcategories&post=106601"},{"taxonomy":"post_tag","embeddable":true,"href":"https:\/\/archive.sana.sy\/tr\/index.php?rest_route=%2Fwp%2Fv2%2Ftags&post=106601"}],"curies":[{"name":"wp","href":"https:\/\/api.w.org\/{rel}","templated":true}]}}