{"id":106603,"date":"2017-03-02T19:44:53","date_gmt":"2017-03-02T17:44:53","guid":{"rendered":"http:\/\/www.sana.sy\/tr\/?p=106603"},"modified":"2017-03-02T19:44:53","modified_gmt":"2017-03-02T17:44:53","slug":"suriye-hukumetinin-suriyelilerin-kanlarinin-akitilmasina-son-verecek-her-girisime-her-daim-olumlu-yaklastigini-ve-siyasi-cozumun-saglanmasina-ciddi-bir-ozen-gosterdigine-dikkat-ceken-caferi-hukumet","status":"publish","type":"post","link":"https:\/\/archive.sana.sy\/tr\/?p=106603","title":{"rendered":"Suriye h\u00fck\u00fcmetinin, Suriyelilerin kanlar\u0131n\u0131n ak\u0131t\u0131lmas\u0131na son verecek her giri\u015fime her daim olumlu yakla\u015ft\u0131\u011f\u0131n\u0131 ve siyasi \u00e7\u00f6z\u00fcm\u00fcn sa\u011flanmas\u0131na ciddi bir \u00f6zen g\u00f6sterdi\u011fine dikkat \u00e7eken Caferi, h\u00fck\u00fcmet heyetinin de bu y\u00f6nde bir tutum izledi\u011fini ve diyalog g\u00f6r\u00fc\u015fmelerinin ba\u015far\u0131l\u0131 olmas\u0131 i\u00e7in her gayreti g\u00f6sterdi\u011fini ifade etti\u200f"},"content":{"rendered":"<p>Suriye h\u00fck\u00fcmetinin, Suriyelilerin kanlar\u0131n\u0131n ak\u0131t\u0131lmas\u0131na son verecek her giri\u015fime her daim olumlu yakla\u015ft\u0131\u011f\u0131n\u0131 ve siyasi \u00e7\u00f6z\u00fcm\u00fcn sa\u011flanmas\u0131na ciddi bir \u00f6zen g\u00f6sterdi\u011fine dikkat \u00e7eken Caferi, h\u00fck\u00fcmet heyetinin de bu y\u00f6nde bir tutum izledi\u011fini ve diyalog g\u00f6r\u00fc\u015fmelerinin ba\u015far\u0131l\u0131 olmas\u0131 i\u00e7in her gayreti g\u00f6sterdi\u011fini ifade etti\u200f<\/p>\n","protected":false},"excerpt":{"rendered":"<p>Suriye h\u00fck\u00fcmetinin, Suriyelilerin kanlar\u0131n\u0131n ak\u0131t\u0131lmas\u0131na son verecek her giri\u015fime her daim olumlu yakla\u015ft\u0131\u011f\u0131n\u0131 ve siyasi \u00e7\u00f6z\u00fcm\u00fcn sa\u011flanmas\u0131na ciddi bir \u00f6zen g\u00f6sterdi\u011fine dikkat \u00e7eken Caferi, h\u00fck\u00fcmet heyetinin de bu y\u00f6nde bir tutum izledi\u011fini ve diyalog g\u00f6r\u00fc\u015fmelerinin ba\u015far\u0131l\u0131 olmas\u0131 i\u00e7in her gayreti g\u00f6sterdi\u011fini ifade etti\u200f<\/p>\n","protected":false},"author":1,"featured_media":0,"comment_status":"closed","ping_status":"closed","sticky":false,"template":"","format":"standard","meta":{"footnotes":""},"categories":[17991],"tags":[],"class_list":["post-106603","post","type-post","status-publish","format-standard","","category-son-dakika"],"_links":{"self":[{"href":"https:\/\/archive.sana.sy\/tr\/index.php?rest_route=\/wp\/v2\/posts\/106603","targetHints":{"allow":["GET"]}}],"collection":[{"href":"https:\/\/archive.sana.sy\/tr\/index.php?rest_route=\/wp\/v2\/posts"}],"about":[{"href":"https:\/\/archive.sana.sy\/tr\/index.php?rest_route=\/wp\/v2\/types\/post"}],"author":[{"embeddable":true,"href":"https:\/\/archive.sana.sy\/tr\/index.php?rest_route=\/wp\/v2\/users\/1"}],"replies":[{"embeddable":true,"href":"https:\/\/archive.sana.sy\/tr\/index.php?rest_route=%2Fwp%2Fv2%2Fcomments&post=106603"}],"version-history":[{"count":0,"href":"https:\/\/archive.sana.sy\/tr\/index.php?rest_route=\/wp\/v2\/posts\/106603\/revisions"}],"wp:attachment":[{"href":"https:\/\/archive.sana.sy\/tr\/index.php?rest_route=%2Fwp%2Fv2%2Fmedia&parent=106603"}],"wp:term":[{"taxonomy":"category","embeddable":true,"href":"https:\/\/archive.sana.sy\/tr\/index.php?rest_route=%2Fwp%2Fv2%2Fcategories&post=106603"},{"taxonomy":"post_tag","embeddable":true,"href":"https:\/\/archive.sana.sy\/tr\/index.php?rest_route=%2Fwp%2Fv2%2Ftags&post=106603"}],"curies":[{"name":"wp","href":"https:\/\/api.w.org\/{rel}","templated":true}]}}