{"id":106620,"date":"2017-03-03T19:00:39","date_gmt":"2017-03-03T17:00:39","guid":{"rendered":"http:\/\/www.sana.sy\/tr\/?p=106620"},"modified":"2017-03-04T16:01:34","modified_gmt":"2017-03-04T14:01:34","slug":"suriye-heyeti-rus-yetkililerle-gorustu","status":"publish","type":"post","link":"https:\/\/archive.sana.sy\/tr\/?p=106620","title":{"rendered":"Suriye Heyeti, de Mistura ile Toplant\u0131lar\u0131n\u0131 Bitirdi (video)"},"content":{"rendered":"<p>CENEVRE \u2013BM g\u00f6zetimi alt\u0131nda Cenevre&#8217;de yap\u0131lan Suriyeliler aras\u0131 diyalog g\u00f6r\u00fc\u015fmelerinin 4. turunda Be\u015f\u015far el Caferi ba\u015fkanl\u0131\u011f\u0131ndaki Suriye Arap Cumhuriyeti heyeti, BM Suriye \u00f6zel temsilcisi Staffan de Mistura ile toplant\u0131lar\u0131n\u0131 bitirdi.<\/p>\n<p>Caferi ba\u015fkanl\u0131\u011f\u0131ndaki Suriye heyeti bug\u00fcn de Mistura ile g\u00f6r\u00fc\u015fmelerin d\u00f6rd\u00fcnc\u00fc turunun son toplant\u0131s\u0131n\u0131 ger\u00e7ekle\u015ftirmi\u015fti.<\/p>\n<p>Heyet g\u00fcn\u00fcn erken saatlerinde Rusya D\u0131\u015fi\u015fleri Bakan Yard\u0131mc\u0131s\u0131 Gennady Gatilov ve Rus bir grup yetkiliyle bir araya gelmi\u015fti.<\/p>\n<p>\u0130ki taraf g\u00f6r\u00fc\u015fmede, bir k\u0131s\u0131m taraflar\u0131n sabote etme \u00e7abalar\u0131na ra\u011fmen Cenevre g\u00f6r\u00fc\u015fmelerinin seyri konusunda rahat olduklar\u0131n\u0131 ifade ettiler.<\/p>\n<p>Suriyeliler aras\u0131 g\u00f6r\u00fc\u015fmelerin d\u00f6rd\u00fcnc\u00fc turu 23 \u015eubat tarihinde ba\u015flam\u0131\u015f, Caferi ba\u015fkanl\u0131ndaki heyet de Mistura ile 6 toplant\u0131 ger\u00e7ekle\u015ftirmi\u015fti.<\/p>\n<p>Suriye heyeti ayr\u0131ca Suriye ile Rusya ve \u0130ran aras\u0131ndaki daimi koordinasyon kapsam\u0131nda da Cenevre&#8217;de \u0130ranl\u0131 ve Rus yetkililerle periyodik olarak temaslarda bulunmu\u015f, g\u00f6r\u00fc\u015fmelerin g\u00fcndeminde taraflar aras\u0131nda g\u00f6r\u00fc\u015f birli\u011fi kaydedilmi\u015fti.<\/p>\n<p>Caferi ba\u015fkanl\u0131\u011f\u0131ndaki Suriye h\u00fck\u00fcmet heyeti, de Mistura ile bug\u00fcn toplant\u0131da bulunmak \u00fczere Cenevre&#8217;de BM binas\u0131na giriyor.<\/p>\n<p>https:\/\/www.youtube.com\/watch?v=f07XCoefzIk<\/p>\n","protected":false},"excerpt":{"rendered":"<p>CENEVRE \u2013BM g\u00f6zetimi alt\u0131nda Cenevre&#8217;de yap\u0131lan Suriyeliler aras\u0131 diyalog g\u00f6r\u00fc\u015fmelerinin 4. turunda Be\u015f\u015far el Caferi ba\u015fkanl\u0131\u011f\u0131ndaki Suriye Arap Cumhuriyeti heyeti, BM Suriye \u00f6zel temsilcisi Staffan de Mistura ile toplant\u0131lar\u0131n\u0131 bitirdi. Caferi ba\u015fkanl\u0131\u011f\u0131ndaki Suriye heyeti bug\u00fcn de Mistura ile g\u00f6r\u00fc\u015fmelerin d\u00f6rd\u00fcnc\u00fc turunun son toplant\u0131s\u0131n\u0131 ger\u00e7ekle\u015ftirmi\u015fti. Heyet g\u00fcn\u00fcn erken saatlerinde Rusya D\u0131\u015fi\u015fleri Bakan Yard\u0131mc\u0131s\u0131 Gennady Gatilov ve &hellip;<\/p>\n","protected":false},"author":1,"featured_media":106656,"comment_status":"closed","ping_status":"closed","sticky":false,"template":"","format":"standard","meta":{"footnotes":""},"categories":[458,459,17988],"tags":[28091,28092,28081],"class_list":["post-106620","post","type-post","status-publish","format-standard","has-post-thumbnail","","category-dunya1","category-haberler-arap-uluslararasi-politika","category-son-haberler","tag-de-mistura-ve-rus-yetkililerle-yeniden-gorustu","tag-heyet-gunun-erken-saatlerinde-rusya-disisleri-bakan-yardimcisi-gennady-gatilov-ve-rus-bir-grup-yetkiliyle-bir-araya-gelmisti","tag-suriye-heyeti-rus-yetkililerle-gorustu"],"_links":{"self":[{"href":"https:\/\/archive.sana.sy\/tr\/index.php?rest_route=\/wp\/v2\/posts\/106620","targetHints":{"allow":["GET"]}}],"collection":[{"href":"https:\/\/archive.sana.sy\/tr\/index.php?rest_route=\/wp\/v2\/posts"}],"about":[{"href":"https:\/\/archive.sana.sy\/tr\/index.php?rest_route=\/wp\/v2\/types\/post"}],"author":[{"embeddable":true,"href":"https:\/\/archive.sana.sy\/tr\/index.php?rest_route=\/wp\/v2\/users\/1"}],"replies":[{"embeddable":true,"href":"https:\/\/archive.sana.sy\/tr\/index.php?rest_route=%2Fwp%2Fv2%2Fcomments&post=106620"}],"version-history":[{"count":0,"href":"https:\/\/archive.sana.sy\/tr\/index.php?rest_route=\/wp\/v2\/posts\/106620\/revisions"}],"wp:featuredmedia":[{"embeddable":true,"href":"https:\/\/archive.sana.sy\/tr\/index.php?rest_route=\/wp\/v2\/media\/106656"}],"wp:attachment":[{"href":"https:\/\/archive.sana.sy\/tr\/index.php?rest_route=%2Fwp%2Fv2%2Fmedia&parent=106620"}],"wp:term":[{"taxonomy":"category","embeddable":true,"href":"https:\/\/archive.sana.sy\/tr\/index.php?rest_route=%2Fwp%2Fv2%2Fcategories&post=106620"},{"taxonomy":"post_tag","embeddable":true,"href":"https:\/\/archive.sana.sy\/tr\/index.php?rest_route=%2Fwp%2Fv2%2Ftags&post=106620"}],"curies":[{"name":"wp","href":"https:\/\/api.w.org\/{rel}","templated":true}]}}